{"id":14018,"date":"2023-05-16T09:34:17","date_gmt":"2023-05-16T07:34:17","guid":{"rendered":"https:\/\/projectes.xtec.cat\/xarxadults\/?p=14018"},"modified":"2023-05-16T09:34:17","modified_gmt":"2023-05-16T07:34:17","slug":"jornada-propostes-per-a-millorar-les-politiques-dalfabetitzacio-de-persones-adultes-a-lespai-catala-transfronterer","status":"publish","type":"post","link":"https:\/\/projectes.xtec.cat\/xarxadults\/portada\/jornada-propostes-per-a-millorar-les-politiques-dalfabetitzacio-de-persones-adultes-a-lespai-catala-transfronterer\/","title":{"rendered":"Jornada: Propostes per a millorar les pol\u00edtiques d&#8217;alfabetitzaci\u00f3 de persones adultes a l&#8217;Espai Catal\u00e0 Transfronterer"},"content":{"rendered":"<p style=\"font-weight: 400;\">El proper <strong>dilluns 5 de juny<\/strong> tindr\u00e0 lloc la Jornada final del microprojecte transfronterer <strong><em>Propostes per a millorar les pol\u00edtiques d&#8217;alfabetitzaci\u00f3 de persones adultes a l&#8217;Espai Catal\u00e0 Transfronterer<\/em><\/strong>.<\/p>\n<p style=\"font-weight: 400;\">Aquesta jornada, organitzada per l&#8217;equip d\u2019Inclusi\u00f3 i Atenci\u00f3 a la Comunitat del Consell Comarcal de l\u2019Alt Empord\u00e0, t\u00e9 com finalitat presentar el treball realitzat i els principals resultats del projecte, per visibilitzar el treball transfronterer i els agents que cooperen en aquest \u00e0mbit amb l&#8217;objectiu de millorar les pol\u00edtiques p\u00fabliques educatives d&#8217;alfabetitzaci\u00f3 de persones adultes. La jornada compar\u00e0 amb la participaci\u00f3 d&#8217;agents que han format part d&#8217;aquest proc\u00e9s de treball i que tenen \u00e0mplia experi\u00e8ncia i coneixement en l&#8217;\u00e0mbit. \u200b<\/p>\n<p style=\"font-weight: 400;\">La Jornada es celebrar\u00e0 en format\u00a0presencial als Porxos de &#8220;Can Laporta&#8221; (C\/Major, 2)\u00a0de la Jonquera de 9:30 a 12:30h.<\/p>\n<p style=\"font-weight: 400;\">\u00c9s imprescindible fer la inscripci\u00f3 a trav\u00e9s d\u2019aquest<strong>\u00a0<\/strong><a href=\"https:\/\/forms.gle\/xQUH6XfG5mvKYYTw6\" target=\"_blank\" rel=\"noopener\" data-saferedirecturl=\"https:\/\/www.google.com\/url?q=https:\/\/forms.gle\/xQUH6XfG5mvKYYTw6&amp;source=gmail&amp;ust=1684303437350000&amp;usg=AOvVaw1gtE6rfka18QeHuRVjxuTT\"><strong>formulari<\/strong>\u00a0<\/a>abans del 30 de maig per poder participar a la Jornada. La inscripci\u00f3 \u00e9s gratu\u00efta\u00a0i les places s\u00f3n limitades per ordre de registre. Hi haur\u00e0 traducci\u00f3 simult\u00e0nia catal\u00e0-franc\u00e8s.<\/p>\n<p style=\"font-weight: 400;\">Per a m\u00e9s informaci\u00f3 podeu contactar amb el Consell Comarcal de l\u2019Alt Empord\u00e0 al tel\u00e8fon 972.67.70.50 (de 9h a 14h), a trav\u00e9s del correu electr\u00f2nic <a href=\"mailto:inclusio@altemporda.cat\">inclusio@altemporda.cat<\/a>\u00a0o de la p\u00e0gina <a href=\"http:\/\/www.inclusioaltemporda.cat\/\" target=\"_blank\" rel=\"noopener\" data-saferedirecturl=\"https:\/\/www.google.com\/url?q=http:\/\/www.inclusioaltemporda.cat\/&amp;source=gmail&amp;ust=1684303437350000&amp;usg=AOvVaw2QwCAbnQLk_wsaISgh3LHK\">www.inclusioaltemporda.cat<\/a>.<\/p>\n<p><a href=\"https:\/\/projectes.xtec.cat\/xarxadults\/wp-content\/uploads\/usu1741\/2023\/05\/inc-transfronterer.jpg\"><img loading=\"lazy\" decoding=\"async\" class=\"size-full wp-image-14020 aligncenter\" src=\"https:\/\/projectes.xtec.cat\/xarxadults\/wp-content\/uploads\/usu1741\/2023\/05\/inc-transfronterer.jpg\" alt=\"\" width=\"606\" height=\"298\" \/><\/a><\/p>\n","protected":false},"excerpt":{"rendered":"<p>El proper dilluns 5 de juny tindr\u00e0 lloc la Jornada final del microprojecte transfronterer Propostes per a millorar les pol\u00edtiques d&#8217;alfabetitzaci\u00f3 de persones adultes a l&#8217;Espai Catal\u00e0 Transfronterer.<br \/>\nAquesta jornada, organitzada per l&#8217;equip d\u2019Inclusi\u00f3 i Atenci\u00f3 a la Comunitat del Consell Comarcal de l\u2019Alt Empord\u00e0, t\u00e9&hellip;  <a href=\"https:\/\/projectes.xtec.cat\/xarxadults\/portada\/jornada-propostes-per-a-millorar-les-politiques-dalfabetitzacio-de-persones-adultes-a-lespai-catala-transfronterer\/\" title=\"Read Jornada: Propostes per a millorar les pol\u00edtiques d&#8217;alfabetitzaci\u00f3 de persones adultes a l&#8217;Espai Catal\u00e0 Transfronterer\">Llegeix m\u00e9s\u00bb<\/a><\/p>\n","protected":false},"author":361,"featured_media":14020,"comment_status":"closed","ping_status":"closed","sticky":false,"template":"","format":"standard","meta":{"_bbp_topic_count":0,"_bbp_reply_count":0,"_bbp_total_topic_count":0,"_bbp_total_reply_count":0,"_bbp_voice_count":0,"_bbp_anonymous_reply_count":0,"_bbp_topic_count_hidden":0,"_bbp_reply_count_hidden":0,"_bbp_forum_subforum_count":0,"footnotes":""},"categories":[317,29],"tags":[448,423],"class_list":["post-14018","post","type-post","status-publish","format-standard","has-post-thumbnail","hentry","category-dinamitzacio","category-portada","tag-alfabetitzacio","tag-catala"],"post_mailing_queue_ids":[],"_links":{"self":[{"href":"https:\/\/projectes.xtec.cat\/xarxadults\/wp-json\/wp\/v2\/posts\/14018","targetHints":{"allow":["GET"]}}],"collection":[{"href":"https:\/\/projectes.xtec.cat\/xarxadults\/wp-json\/wp\/v2\/posts"}],"about":[{"href":"https:\/\/projectes.xtec.cat\/xarxadults\/wp-json\/wp\/v2\/types\/post"}],"author":[{"embeddable":true,"href":"https:\/\/projectes.xtec.cat\/xarxadults\/wp-json\/wp\/v2\/users\/361"}],"replies":[{"embeddable":true,"href":"https:\/\/projectes.xtec.cat\/xarxadults\/wp-json\/wp\/v2\/comments?post=14018"}],"version-history":[{"count":3,"href":"https:\/\/projectes.xtec.cat\/xarxadults\/wp-json\/wp\/v2\/posts\/14018\/revisions"}],"predecessor-version":[{"id":14022,"href":"https:\/\/projectes.xtec.cat\/xarxadults\/wp-json\/wp\/v2\/posts\/14018\/revisions\/14022"}],"wp:featuredmedia":[{"embeddable":true,"href":"https:\/\/projectes.xtec.cat\/xarxadults\/wp-json\/wp\/v2\/media\/14020"}],"wp:attachment":[{"href":"https:\/\/projectes.xtec.cat\/xarxadults\/wp-json\/wp\/v2\/media?parent=14018"}],"wp:term":[{"taxonomy":"category","embeddable":true,"href":"https:\/\/projectes.xtec.cat\/xarxadults\/wp-json\/wp\/v2\/categories?post=14018"},{"taxonomy":"post_tag","embeddable":true,"href":"https:\/\/projectes.xtec.cat\/xarxadults\/wp-json\/wp\/v2\/tags?post=14018"}],"curies":[{"name":"wp","href":"https:\/\/api.w.org\/{rel}","templated":true}]}}