{"id":14210,"date":"2024-01-23T13:23:26","date_gmt":"2024-01-23T12:23:26","guid":{"rendered":"https:\/\/projectes.xtec.cat\/xarxadults\/?p=14210"},"modified":"2024-01-24T09:53:54","modified_gmt":"2024-01-24T08:53:54","slug":"i-tu-que-hi-pintes-setmana-de-lorientacio-academica-i-laboral-del-cfa-valles-23-24","status":"publish","type":"post","link":"https:\/\/projectes.xtec.cat\/xarxadults\/portada\/i-tu-que-hi-pintes-setmana-de-lorientacio-academica-i-laboral-del-cfa-valles-23-24\/","title":{"rendered":"I TU, QU\u00c8 HI PINTES? Setmana de l&#8217;orientaci\u00f3 acad\u00e8mica i laboral del CFA VALL\u00c8S 23 24"},"content":{"rendered":"<p dir=\"ltr\"><span style=\"font-size: large;\">Del\u00a0<b>29 de gener<\/b>\u00a0a l\u2019<b>1 de febrer<\/b>, el CFA Vall\u00e8s ofereix un seguit d\u2019activitats relacionades amb l\u2019orientaci\u00f3 acad\u00e8mica i professional a c\u00e0rrec de\u00a0professorat del centre, de\u00a0professionals de l\u2019\u00e0mbit educatiu\u00a0i d\u2019exalumnes.<\/span><\/p>\n<p dir=\"ltr\"><span style=\"font-size: large;\">La\u00a0<span style=\"color: #000000;\">Setmana de l\u2019orientaci\u00f3\u00a0<\/span><\/span><strong><em>I tu, qu\u00e8 hi pintes?<\/em><\/strong><span style=\"font-size: large;\">\u00a0pret\u00e9n ser un instrument d\u2019empoderament\u00a0i\u00a0motivaci\u00f3\u00a0per al nostre alumnat i,\u00a0enguany, tamb\u00e9 per a aquelles\u00a0persones\u00a0que vulguin con\u00e8ixer algun dels ensenyaments que es poden cursar en un CFA i les seves sortides acad\u00e8miques i laborals.\u00a0<\/span><\/p>\n<p dir=\"ltr\"><span style=\"font-size: large;\">Hem organitzat 4 tipus d\u2019activitats amb els seg\u00fcents objectius:<\/span><\/p>\n<ul>\n<li dir=\"ltr\">\n<p dir=\"ltr\" role=\"presentation\"><span style=\"font-size: large;\">oferir l&#8217;orientaci\u00f3 de persones expertes i de l&#8217;experi\u00e8ncia de persones que han repr\u00e8s la seva formaci\u00f3 a les nostres aules per\u00a0 assumir amb autonomia decisions en els \u00e0mbits personal, acad\u00e8mic i professional.\u00a0<\/span><\/p>\n<\/li>\n<\/ul>\n<ul>\n<li dir=\"ltr\">\n<p dir=\"ltr\" role=\"presentation\"><span style=\"font-size: large;\">facilitar a l\u2019alumnat espais de reflexi\u00f3 i discussi\u00f3 que l\u2019ajudin a treballar la planificaci\u00f3, l\u2019autoregulaci\u00f3 i la relaci\u00f3 amb el grup.<\/span><\/p>\n<\/li>\n<\/ul>\n<ul>\n<li dir=\"ltr\">\n<p dir=\"ltr\" role=\"presentation\"><span style=\"font-size: large;\">motivar l\u2019alumnat i reflexionar sobre els objectius que pot arribar a assolir mitjan\u00e7ant una formaci\u00f3 flexible i personalitzada per evitar l\u2019abandonament i l\u2019absentisme.<\/span><\/p>\n<\/li>\n<\/ul>\n<p dir=\"ltr\">En algunes de les sessions hi participar\u00e0 alumnat de grups concrets, per\u00f2 tamb\u00e9 estaran obertes al p\u00fablic en general (<b>punts d&#8217;informaci\u00f3\u00a0<\/b>i\u00a0<b>taules rodones<\/b>). D&#8217;altres, seran\u00a0<b>exclusives\u00a0<\/b>per a l&#8217;alumnat del CFA Vall\u00e8s (<b>xerrades amb professionals<\/b>\u00a0i\u00a0<b>tallers<\/b>).<\/p>\n<p>En el <a href=\"http:\/\/www.cfavalles.org\/doku.php?id=setmana_de_l_orientacio._i_tu_que_hi_pintes._23_24\" target=\"_blank\" rel=\"noopener\"><b>la web del centre<\/b><\/a>, s&#8217;indica\u00a0quines activitats estan obertes al p\u00fablic en general. S&#8217;haur\u00e0 de sol\u00b7licitar de participar-hi mitjan\u00e7ant un formulari que trobareu\u00a0<a href=\"https:\/\/docs.google.com\/forms\/d\/e\/1FAIpQLSdUIGvkdjVe8qzdVdsqok3XKLV1fmJu1JhdI2jQtVdm-6qSgg\/viewform\" target=\"_blank\" rel=\"noopener\"><b>AQU\u00cd<\/b><\/a>.<\/p>\n<p style=\"text-align: center;\"><a href=\"http:\/\/www.cfavalles.org\/doku.php?id=setmana_de_l_orientacio._i_tu_que_hi_pintes._23_24\" target=\"_blank\" rel=\"noopener\"><img loading=\"lazy\" decoding=\"async\" class=\"alignnone wp-image-14211\" src=\"https:\/\/projectes.xtec.cat\/xarxadults\/wp-content\/uploads\/usu1741\/2024\/01\/Captura-de-pantalla-2024-01-23-125239-e1706012140959.png\" alt=\"\" width=\"208\" height=\"290\" \/><\/a><\/p>\n","protected":false},"excerpt":{"rendered":"<p>Del\u00a029 de gener\u00a0a l\u20191 de febrer, el CFA Vall\u00e8s ofereix un seguit d\u2019activitats relacionades amb l\u2019orientaci\u00f3 acad\u00e8mica i professional a c\u00e0rrec de\u00a0professorat del centre, de\u00a0professionals de l\u2019\u00e0mbit educatiu\u00a0i d\u2019exalumnes.<br \/>\nLa\u00a0Setmana de l\u2019orientaci\u00f3\u00a0I tu, qu\u00e8 hi pintes?\u00a0pret\u00e9n ser un instrument d\u2019empoderament\u00a0i\u00a0motivaci\u00f3\u00a0per al nostre alumnat i,\u00a0enguany, tamb\u00e9 per&hellip;  <a href=\"https:\/\/projectes.xtec.cat\/xarxadults\/portada\/i-tu-que-hi-pintes-setmana-de-lorientacio-academica-i-laboral-del-cfa-valles-23-24\/\" title=\"Read I TU, QU\u00c8 HI PINTES? Setmana de l&#8217;orientaci\u00f3 acad\u00e8mica i laboral del CFA VALL\u00c8S 23 24\">Llegeix m\u00e9s\u00bb<\/a><\/p>\n","protected":false},"author":362,"featured_media":14211,"comment_status":"closed","ping_status":"closed","sticky":false,"template":"","format":"standard","meta":{"_bbp_topic_count":0,"_bbp_reply_count":0,"_bbp_total_topic_count":0,"_bbp_total_reply_count":0,"_bbp_voice_count":0,"_bbp_anonymous_reply_count":0,"_bbp_topic_count_hidden":0,"_bbp_reply_count_hidden":0,"_bbp_forum_subforum_count":0,"footnotes":""},"categories":[388,29],"tags":[432,367],"class_list":["post-14210","post","type-post","status-publish","format-standard","has-post-thumbnail","hentry","category-orientacio","category-portada","tag-formacio-adults","tag-orientacio"],"post_mailing_queue_ids":[],"_links":{"self":[{"href":"https:\/\/projectes.xtec.cat\/xarxadults\/wp-json\/wp\/v2\/posts\/14210","targetHints":{"allow":["GET"]}}],"collection":[{"href":"https:\/\/projectes.xtec.cat\/xarxadults\/wp-json\/wp\/v2\/posts"}],"about":[{"href":"https:\/\/projectes.xtec.cat\/xarxadults\/wp-json\/wp\/v2\/types\/post"}],"author":[{"embeddable":true,"href":"https:\/\/projectes.xtec.cat\/xarxadults\/wp-json\/wp\/v2\/users\/362"}],"replies":[{"embeddable":true,"href":"https:\/\/projectes.xtec.cat\/xarxadults\/wp-json\/wp\/v2\/comments?post=14210"}],"version-history":[{"count":6,"href":"https:\/\/projectes.xtec.cat\/xarxadults\/wp-json\/wp\/v2\/posts\/14210\/revisions"}],"predecessor-version":[{"id":14224,"href":"https:\/\/projectes.xtec.cat\/xarxadults\/wp-json\/wp\/v2\/posts\/14210\/revisions\/14224"}],"wp:featuredmedia":[{"embeddable":true,"href":"https:\/\/projectes.xtec.cat\/xarxadults\/wp-json\/wp\/v2\/media\/14211"}],"wp:attachment":[{"href":"https:\/\/projectes.xtec.cat\/xarxadults\/wp-json\/wp\/v2\/media?parent=14210"}],"wp:term":[{"taxonomy":"category","embeddable":true,"href":"https:\/\/projectes.xtec.cat\/xarxadults\/wp-json\/wp\/v2\/categories?post=14210"},{"taxonomy":"post_tag","embeddable":true,"href":"https:\/\/projectes.xtec.cat\/xarxadults\/wp-json\/wp\/v2\/tags?post=14210"}],"curies":[{"name":"wp","href":"https:\/\/api.w.org\/{rel}","templated":true}]}}