{"id":14287,"date":"2024-04-29T09:27:23","date_gmt":"2024-04-29T07:27:23","guid":{"rendered":"https:\/\/projectes.xtec.cat\/xarxadults\/?p=14287"},"modified":"2024-05-15T09:54:22","modified_gmt":"2024-05-15T07:54:22","slug":"celebracio-de-les-cinc-jornades-de-debat-territorial-del-proces-de-debat-i-definicio-del-futur-de-leducacio-al-llarg-de-la-vida","status":"publish","type":"post","link":"https:\/\/projectes.xtec.cat\/xarxadults\/xx\/celebracio-de-les-cinc-jornades-de-debat-territorial-del-proces-de-debat-i-definicio-del-futur-de-leducacio-al-llarg-de-la-vida\/","title":{"rendered":"Celebraci\u00f3 de les cinc jornades de debat territorial del Proc\u00e9s de debat i definici\u00f3 del futur de l&#8217;educaci\u00f3 al llarg de la vida"},"content":{"rendered":"<p>Durant el mes d\u2019abril 2024 s&#8217;han dut a terme 5 jornades de debat territorial organitzades pel Servei d&#8217;educaci\u00f3 al Llarg de la Vida, dins del <strong>Proc\u00e9s de debat i definici\u00f3 del futur de l&#8217;educaci\u00f3 al llarg de la vida<\/strong> que ha engegat la Subdirecci\u00f3 General d&#8217;Ordenaci\u00f3 Curricular.<\/p>\n<p>En les jornades han participat diferents agents implicats en l&#8217;educaci\u00f3\u00a0 al llarg de la vida que han pogut aprofundir i reflexionar sobre el futur al voltant de cinc eixos de debat.<\/p>\n<p>El Servei d&#8217;Educaci\u00f3 al Llarg de la Vida vol agrair la col\u00b7laboraci\u00f3 de les coordinacions d&#8217;adults de tots els serveis territorials i del Consorci de Barcelona. Tamb\u00e9 vol manifestar el seu agra\u00efment a totes les persones que van fer de dinamitzadores, relatores i portantveus durant les jornades; sense la seva col\u00b7laboraci\u00f3 aquestes jornades no s&#8217;haguessin pogut dur a terme.<\/p>\n<p><strong>5 JORNADES DE DEBAT TERRITORIAL<\/strong><\/p>\n<p>Aqu\u00ed podeu veure un recull de les fotos que vam fer amb les persones participants a les 5 jornades de debat. Gr\u00e0cies a totes i tots per la seva participaci\u00f3.<\/p>\n<p>Dijous 18 d\u2019abril:\u00a0<strong>Alt Pirineu i Aran, Lleida i Catalunya Central<\/strong> <a href=\"https:\/\/projectes.xtec.cat\/xarxadults\/wp-content\/uploads\/usu1741\/2024\/04\/Manresa-1.jpg\"><img loading=\"lazy\" decoding=\"async\" class=\"alignnone size-large wp-image-14308\" src=\"https:\/\/projectes.xtec.cat\/xarxadults\/wp-content\/uploads\/usu1741\/2024\/04\/Manresa-1-1024x771.jpg\" alt=\"\" width=\"1024\" height=\"771\" srcset=\"https:\/\/projectes.xtec.cat\/xarxadults\/wp-content\/uploads\/usu1741\/2024\/04\/Manresa-1-1024x771.jpg 1024w, https:\/\/projectes.xtec.cat\/xarxadults\/wp-content\/uploads\/usu1741\/2024\/04\/Manresa-1-300x226.jpg 300w, https:\/\/projectes.xtec.cat\/xarxadults\/wp-content\/uploads\/usu1741\/2024\/04\/Manresa-1-768x578.jpg 768w, https:\/\/projectes.xtec.cat\/xarxadults\/wp-content\/uploads\/usu1741\/2024\/04\/Manresa-1-1536x1157.jpg 1536w, https:\/\/projectes.xtec.cat\/xarxadults\/wp-content\/uploads\/usu1741\/2024\/04\/Manresa-1-200x150.jpg 200w, https:\/\/projectes.xtec.cat\/xarxadults\/wp-content\/uploads\/usu1741\/2024\/04\/Manresa-1.jpg 2040w\" sizes=\"auto, (max-width: 1024px) 100vw, 1024px\" \/><\/a> Lloc:\u00a0Escola Oficial d\u2019Idiomes de Manresa<\/p>\n<p>Divendres 19 d\u2019abril:\u00a0<strong>Barcelon\u00e8s i Consorci d\u2019Educaci\u00f3 de Barcelona<\/strong><\/p>\n<p><a href=\"https:\/\/projectes.xtec.cat\/xarxadults\/wp-content\/uploads\/usu1741\/2024\/04\/Barcelona-1.jpg\"><img loading=\"lazy\" decoding=\"async\" class=\"alignnone size-large wp-image-14307\" src=\"https:\/\/projectes.xtec.cat\/xarxadults\/wp-content\/uploads\/usu1741\/2024\/04\/Barcelona-1-1024x768.jpg\" alt=\"\" width=\"1024\" height=\"768\" srcset=\"https:\/\/projectes.xtec.cat\/xarxadults\/wp-content\/uploads\/usu1741\/2024\/04\/Barcelona-1-1024x768.jpg 1024w, https:\/\/projectes.xtec.cat\/xarxadults\/wp-content\/uploads\/usu1741\/2024\/04\/Barcelona-1-300x225.jpg 300w, https:\/\/projectes.xtec.cat\/xarxadults\/wp-content\/uploads\/usu1741\/2024\/04\/Barcelona-1-768x576.jpg 768w, https:\/\/projectes.xtec.cat\/xarxadults\/wp-content\/uploads\/usu1741\/2024\/04\/Barcelona-1-200x150.jpg 200w, https:\/\/projectes.xtec.cat\/xarxadults\/wp-content\/uploads\/usu1741\/2024\/04\/Barcelona-1.jpg 1391w\" sizes=\"auto, (max-width: 1024px) 100vw, 1024px\" \/><\/a>Lloc: Espais Rosa Sensat a Barcelona<\/p>\n<p>Dilluns 22 d\u2019abril: <strong>Girona i Maresme-Vall\u00e8s Oriental<\/strong><\/p>\n<p><a href=\"https:\/\/projectes.xtec.cat\/xarxadults\/wp-content\/uploads\/usu1741\/2024\/04\/Girona-grup-2.jpg\"><img loading=\"lazy\" decoding=\"async\" class=\"alignnone size-large wp-image-14309\" src=\"https:\/\/projectes.xtec.cat\/xarxadults\/wp-content\/uploads\/usu1741\/2024\/04\/Girona-grup-2-1024x768.jpg\" alt=\"\" width=\"1024\" height=\"768\" srcset=\"https:\/\/projectes.xtec.cat\/xarxadults\/wp-content\/uploads\/usu1741\/2024\/04\/Girona-grup-2-1024x768.jpg 1024w, https:\/\/projectes.xtec.cat\/xarxadults\/wp-content\/uploads\/usu1741\/2024\/04\/Girona-grup-2-300x225.jpg 300w, https:\/\/projectes.xtec.cat\/xarxadults\/wp-content\/uploads\/usu1741\/2024\/04\/Girona-grup-2-768x576.jpg 768w, https:\/\/projectes.xtec.cat\/xarxadults\/wp-content\/uploads\/usu1741\/2024\/04\/Girona-grup-2-200x150.jpg 200w, https:\/\/projectes.xtec.cat\/xarxadults\/wp-content\/uploads\/usu1741\/2024\/04\/Girona-grup-2.jpg 1280w\" sizes=\"auto, (max-width: 1024px) 100vw, 1024px\" \/><\/a>Lloc: Edifici de la Generalitat de Girona<\/p>\n<p>Dimecres 24 d\u2019abril:\u00a0<strong>Baix Llobregat i Vall\u00e8s Occidental<\/strong><\/p>\n<p><a href=\"https:\/\/projectes.xtec.cat\/xarxadults\/wp-content\/uploads\/usu1741\/2024\/04\/Viladecans-grup-3-1-scaled.jpg\"><img loading=\"lazy\" decoding=\"async\" class=\"alignnone size-large wp-image-14315\" src=\"https:\/\/projectes.xtec.cat\/xarxadults\/wp-content\/uploads\/usu1741\/2024\/04\/Viladecans-grup-3-1-1024x680.jpg\" alt=\"\" width=\"1024\" height=\"680\" srcset=\"https:\/\/projectes.xtec.cat\/xarxadults\/wp-content\/uploads\/usu1741\/2024\/04\/Viladecans-grup-3-1-1024x680.jpg 1024w, https:\/\/projectes.xtec.cat\/xarxadults\/wp-content\/uploads\/usu1741\/2024\/04\/Viladecans-grup-3-1-300x199.jpg 300w, https:\/\/projectes.xtec.cat\/xarxadults\/wp-content\/uploads\/usu1741\/2024\/04\/Viladecans-grup-3-1-768x510.jpg 768w, https:\/\/projectes.xtec.cat\/xarxadults\/wp-content\/uploads\/usu1741\/2024\/04\/Viladecans-grup-3-1-1536x1020.jpg 1536w, https:\/\/projectes.xtec.cat\/xarxadults\/wp-content\/uploads\/usu1741\/2024\/04\/Viladecans-grup-3-1-2048x1360.jpg 2048w\" sizes=\"auto, (max-width: 1024px) 100vw, 1024px\" \/><\/a>Lloc:\u00a0CFA Edelia Hern\u00e1ndez de Viladecans<\/p>\n<p>Dijous 25 d\u2019abril:\u00a0<strong>Pened\u00e8s, Tarragona i Terres de l\u2019Ebre<\/strong><\/p>\n<p><a href=\"https:\/\/projectes.xtec.cat\/xarxadults\/wp-content\/uploads\/usu1741\/2024\/04\/Tarragona-grup-1.jpg\"><img loading=\"lazy\" decoding=\"async\" class=\"alignnone size-large wp-image-14310\" src=\"https:\/\/projectes.xtec.cat\/xarxadults\/wp-content\/uploads\/usu1741\/2024\/04\/Tarragona-grup-1-1024x766.jpg\" alt=\"\" width=\"1024\" height=\"766\" srcset=\"https:\/\/projectes.xtec.cat\/xarxadults\/wp-content\/uploads\/usu1741\/2024\/04\/Tarragona-grup-1-1024x766.jpg 1024w, https:\/\/projectes.xtec.cat\/xarxadults\/wp-content\/uploads\/usu1741\/2024\/04\/Tarragona-grup-1-300x224.jpg 300w, https:\/\/projectes.xtec.cat\/xarxadults\/wp-content\/uploads\/usu1741\/2024\/04\/Tarragona-grup-1-768x574.jpg 768w, https:\/\/projectes.xtec.cat\/xarxadults\/wp-content\/uploads\/usu1741\/2024\/04\/Tarragona-grup-1-1536x1149.jpg 1536w, https:\/\/projectes.xtec.cat\/xarxadults\/wp-content\/uploads\/usu1741\/2024\/04\/Tarragona-grup-1-200x150.jpg 200w, https:\/\/projectes.xtec.cat\/xarxadults\/wp-content\/uploads\/usu1741\/2024\/04\/Tarragona-grup-1.jpg 2000w\" sizes=\"auto, (max-width: 1024px) 100vw, 1024px\" \/><\/a>Lloc:\u00a0Complex Educatiu de Tarragona<\/p>\n<p>&nbsp;<\/p>\n","protected":false},"excerpt":{"rendered":"<p>Durant el mes d\u2019abril 2024 s&#8217;han dut a terme 5 jornades de debat territorial organitzades pel Servei d&#8217;educaci\u00f3 al Llarg de la Vida, dins del Proc\u00e9s de debat i definici\u00f3 del futur de l&#8217;educaci\u00f3 al llarg de la vida que ha engegat la Subdirecci\u00f3 General&hellip;  <a href=\"https:\/\/projectes.xtec.cat\/xarxadults\/xx\/celebracio-de-les-cinc-jornades-de-debat-territorial-del-proces-de-debat-i-definicio-del-futur-de-leducacio-al-llarg-de-la-vida\/\" title=\"Read Celebraci\u00f3 de les cinc jornades de debat territorial del Proc\u00e9s de debat i definici\u00f3 del futur de l&#8217;educaci\u00f3 al llarg de la vida\">Llegeix m\u00e9s\u00bb<\/a><\/p>\n","protected":false},"author":362,"featured_media":14290,"comment_status":"closed","ping_status":"closed","sticky":false,"template":"","format":"standard","meta":{"_bbp_topic_count":0,"_bbp_reply_count":0,"_bbp_total_topic_count":0,"_bbp_total_reply_count":0,"_bbp_voice_count":0,"_bbp_anonymous_reply_count":0,"_bbp_topic_count_hidden":0,"_bbp_reply_count_hidden":0,"_bbp_forum_subforum_count":0,"footnotes":""},"categories":[317,1,29],"tags":[],"class_list":["post-14287","post","type-post","status-publish","format-standard","has-post-thumbnail","hentry","category-dinamitzacio","category-xx","category-portada"],"post_mailing_queue_ids":[],"_links":{"self":[{"href":"https:\/\/projectes.xtec.cat\/xarxadults\/wp-json\/wp\/v2\/posts\/14287","targetHints":{"allow":["GET"]}}],"collection":[{"href":"https:\/\/projectes.xtec.cat\/xarxadults\/wp-json\/wp\/v2\/posts"}],"about":[{"href":"https:\/\/projectes.xtec.cat\/xarxadults\/wp-json\/wp\/v2\/types\/post"}],"author":[{"embeddable":true,"href":"https:\/\/projectes.xtec.cat\/xarxadults\/wp-json\/wp\/v2\/users\/362"}],"replies":[{"embeddable":true,"href":"https:\/\/projectes.xtec.cat\/xarxadults\/wp-json\/wp\/v2\/comments?post=14287"}],"version-history":[{"count":6,"href":"https:\/\/projectes.xtec.cat\/xarxadults\/wp-json\/wp\/v2\/posts\/14287\/revisions"}],"predecessor-version":[{"id":14333,"href":"https:\/\/projectes.xtec.cat\/xarxadults\/wp-json\/wp\/v2\/posts\/14287\/revisions\/14333"}],"wp:featuredmedia":[{"embeddable":true,"href":"https:\/\/projectes.xtec.cat\/xarxadults\/wp-json\/wp\/v2\/media\/14290"}],"wp:attachment":[{"href":"https:\/\/projectes.xtec.cat\/xarxadults\/wp-json\/wp\/v2\/media?parent=14287"}],"wp:term":[{"taxonomy":"category","embeddable":true,"href":"https:\/\/projectes.xtec.cat\/xarxadults\/wp-json\/wp\/v2\/categories?post=14287"},{"taxonomy":"post_tag","embeddable":true,"href":"https:\/\/projectes.xtec.cat\/xarxadults\/wp-json\/wp\/v2\/tags?post=14287"}],"curies":[{"name":"wp","href":"https:\/\/api.w.org\/{rel}","templated":true}]}}