{"id":14369,"date":"2024-06-06T09:16:18","date_gmt":"2024-06-06T07:16:18","guid":{"rendered":"https:\/\/projectes.xtec.cat\/xarxadults\/?p=14369"},"modified":"2024-06-06T13:56:38","modified_gmt":"2024-06-06T11:56:38","slug":"xxiii-jornada-anual-xarxa-de-competencies-29-de-juny-de-2024-cotxeres-de-sants-barcelona-9-a-les-13-30h","status":"publish","type":"post","link":"https:\/\/projectes.xtec.cat\/xarxadults\/xx\/xxiii-jornada-anual-xarxa-de-competencies-29-de-juny-de-2024-cotxeres-de-sants-barcelona-9-a-les-13-30h\/","title":{"rendered":"XXIII Jornada Anual Xarxa de Compet\u00e8ncies 29 de juny de 2024 Cotxeres de Sants (Barcelona)"},"content":{"rendered":"<p>El\u00a0<strong><a title=\"programa Xarxa de compet\u00e8ncies b\u00e0siques\" href=\"https:\/\/xtec.gencat.cat\/ca\/curriculum\/xarxa-de-competencies\/\" target=\"_blank\" rel=\"noopener\">programa Xarxa de compet\u00e8ncies<\/a><\/strong>, impulsat per la Direcci\u00f3 General d&#8217;Innovaci\u00f3, Digitalitzaci\u00f3 i Curr\u00edculum, \u00e9s un model de formaci\u00f3 permanent docent entre iguals i en xarxa que agrupa diverses xarxes territorials i que promou el desenvolupament docent i la transformaci\u00f3 dels centres per a la millora dels aprenentatges de tots els alumnes.<\/p>\n<p>&nbsp;<\/p>\n<p>La <a href=\"https:\/\/sites.google.com\/xtec.cat\/23-jornada-anual-xarxa\/p%C3%A0gina-principal\" target=\"_blank\" rel=\"noopener\">Jornada anual de la Xarxa de Compet\u00e8ncies<\/a> tindr\u00e0 lloc el proper <strong>29 de juny de 2024 a les Cotxeres de Sants de 9 a 13.30h<\/strong>. La Xarxa de Compet\u00e8ncies ha aplegat, des de fa 23 anys, docents de tot Catalunya amb voluntat de repensar els processos d\u2019ensenyament i aprenentatge en els seus centres, per mitj\u00e0 de la formaci\u00f3 entre iguals i en xarxa, amb vista a compartir i a enriquir-se m\u00fatuament per millorar els aprenentatges de tots els alumnes.<\/p>\n<p>&nbsp;<\/p>\n<p class=\"zfr3Q CDt4Ke \" dir=\"ltr\"><span class=\"C9DxTc \">La pon\u00e8ncia central de la jornada, a c\u00e0rrec de Javier Onrubia, professor de la UB, porta com a t\u00edtol \u201cBenestar de centre i \u00e8xit educatiu\u201d i se centra en posar en valor les pr\u00e0ctiques que contribueixen al benestar dels diferents col\u00b7lectius de la comunitat educativa, com a condici\u00f3 inherent per a l&#8217;aprenentatge i requisit perqu\u00e8 l&#8217;escola esdevingui un espai en qu\u00e8 tothom se senti reconegut i tingui experi\u00e8ncies personals i interpersonals satisfact\u00f2ries, marcant el cam\u00ed cap a la inclusi\u00f3 efectiva i la igualtat d&#8217;oportunitats, l&#8217;equitat, la plena participaci\u00f3 i l&#8217;\u00e8xit educatiu.<\/span><\/p>\n<p>&nbsp;<\/p>\n<p class=\"zfr3Q CDt4Ke \" dir=\"ltr\"><span class=\"C9DxTc \">En aquesta jornada tamb\u00e9 hi haur\u00e0 un espai de presentaci\u00f3 d&#8217;experi\u00e8ncies dels centres que formen part de les 16 xarxes territorials. Les experi\u00e8ncies tracten els temes treballats en el si de la Xarxa al llarg dels darrers cursos: aprenentatge amb sentit dins el nou curr\u00edculum, situacions d&#8217;aprenentatge, din\u00e0miques i instruments d\u2019avaluaci\u00f3 formativa, informes d\u2019avaluaci\u00f3, observaci\u00f3 docent entre iguals\u2026, aix\u00ed com processos de transformaci\u00f3 en els centres.<\/span><\/p>\n<p>&nbsp;<\/p>\n<p class=\"zfr3Q CDt4Ke \" dir=\"ltr\"><span class=\"C9DxTc \">Finalment, recollint les oportunitats del nou curr\u00edculum, la jornada conclou amb una taula rodona, \u201cEl viatge d\u2019aprendre\u201d, en qu\u00e8 participen quatre docents de les diferents etapes, moderats per V\u00edctor Saura, per abordar quins elements comuns contribueixen a adquirir aprenentatges profunds, rics, significatius i duradors.<\/span><\/p>\n<p><iframe loading=\"lazy\" title=\"XXII Jornada anual de la Xarxa de Compet\u00e8ncies\" width=\"500\" height=\"281\" src=\"https:\/\/www.youtube.com\/embed\/34NJgG6qi2g?feature=oembed\" frameborder=\"0\" allow=\"accelerometer; autoplay; clipboard-write; encrypted-media; gyroscope; picture-in-picture; web-share\" referrerpolicy=\"strict-origin-when-cross-origin\" allowfullscreen><\/iframe><\/p>\n","protected":false},"excerpt":{"rendered":"<p>El\u00a0<a title=\"programa Xarxa de compet\u00e8ncies b\u00e0siques\" href=\"https:\/\/xtec.gencat.cat\/ca\/curriculum\/xarxa-de-competencies\/\" target=\"_blank\" rel=\"noopener\">programa Xarxa de compet\u00e8ncies<\/a>, impulsat per la Direcci\u00f3 General d&#8217;Innovaci\u00f3, Digitalitzaci\u00f3 i Curr\u00edculum, \u00e9s un model de formaci\u00f3 permanent docent entre iguals i en xarxa que agrupa diverses xarxes territorials i que promou el desenvolupament docent i&hellip;  <a href=\"https:\/\/projectes.xtec.cat\/xarxadults\/xx\/xxiii-jornada-anual-xarxa-de-competencies-29-de-juny-de-2024-cotxeres-de-sants-barcelona-9-a-les-13-30h\/\" title=\"Read XXIII Jornada Anual Xarxa de Compet\u00e8ncies 29 de juny de 2024 Cotxeres de Sants (Barcelona)\">Llegeix m\u00e9s\u00bb<\/a><\/p>\n","protected":false},"author":362,"featured_media":14372,"comment_status":"closed","ping_status":"closed","sticky":false,"template":"","format":"standard","meta":{"_bbp_topic_count":0,"_bbp_reply_count":0,"_bbp_total_topic_count":0,"_bbp_total_reply_count":0,"_bbp_voice_count":0,"_bbp_anonymous_reply_count":0,"_bbp_topic_count_hidden":0,"_bbp_reply_count_hidden":0,"_bbp_forum_subforum_count":0,"footnotes":""},"categories":[317,1,29,64],"tags":[],"class_list":["post-14369","post","type-post","status-publish","format-standard","has-post-thumbnail","hentry","category-dinamitzacio","category-xx","category-portada","category-trobades"],"post_mailing_queue_ids":[],"_links":{"self":[{"href":"https:\/\/projectes.xtec.cat\/xarxadults\/wp-json\/wp\/v2\/posts\/14369","targetHints":{"allow":["GET"]}}],"collection":[{"href":"https:\/\/projectes.xtec.cat\/xarxadults\/wp-json\/wp\/v2\/posts"}],"about":[{"href":"https:\/\/projectes.xtec.cat\/xarxadults\/wp-json\/wp\/v2\/types\/post"}],"author":[{"embeddable":true,"href":"https:\/\/projectes.xtec.cat\/xarxadults\/wp-json\/wp\/v2\/users\/362"}],"replies":[{"embeddable":true,"href":"https:\/\/projectes.xtec.cat\/xarxadults\/wp-json\/wp\/v2\/comments?post=14369"}],"version-history":[{"count":5,"href":"https:\/\/projectes.xtec.cat\/xarxadults\/wp-json\/wp\/v2\/posts\/14369\/revisions"}],"predecessor-version":[{"id":14377,"href":"https:\/\/projectes.xtec.cat\/xarxadults\/wp-json\/wp\/v2\/posts\/14369\/revisions\/14377"}],"wp:featuredmedia":[{"embeddable":true,"href":"https:\/\/projectes.xtec.cat\/xarxadults\/wp-json\/wp\/v2\/media\/14372"}],"wp:attachment":[{"href":"https:\/\/projectes.xtec.cat\/xarxadults\/wp-json\/wp\/v2\/media?parent=14369"}],"wp:term":[{"taxonomy":"category","embeddable":true,"href":"https:\/\/projectes.xtec.cat\/xarxadults\/wp-json\/wp\/v2\/categories?post=14369"},{"taxonomy":"post_tag","embeddable":true,"href":"https:\/\/projectes.xtec.cat\/xarxadults\/wp-json\/wp\/v2\/tags?post=14369"}],"curies":[{"name":"wp","href":"https:\/\/api.w.org\/{rel}","templated":true}]}}