{"id":14548,"date":"2024-11-25T12:12:28","date_gmt":"2024-11-25T11:12:28","guid":{"rendered":"https:\/\/projectes.xtec.cat\/xarxadults\/?p=14548"},"modified":"2024-11-25T13:55:08","modified_gmt":"2024-11-25T12:55:08","slug":"xxx-concurs-el-gust-per-la-lectura","status":"publish","type":"post","link":"https:\/\/projectes.xtec.cat\/xarxadults\/xx\/xxx-concurs-el-gust-per-la-lectura\/","title":{"rendered":"XXX Concurs El gust per la lectura"},"content":{"rendered":"<p>El concurs suposa la participaci\u00f3 de l&#8217;alumnat en el programa. Es basa en la lectura i treball de les obres i els dossiers did\u00e0ctics\u00a0<strong><a href=\"https:\/\/xtec.gencat.cat\/ca\/projectes\/lectura\/gustperlalectura\/materialdidactic\/curs-actual\/\">proposats<\/a><\/strong>\u00a0amb anterioritat.<\/p>\n<p>La formalitzaci\u00f3 de la inscripci\u00f3 i el lliurament dels treballs es duu a terme mitjan\u00e7ant el formulari en l\u00ednia del concurs, a <strong><a title=\"Portals de centres del Departament d\u2019Educaci\u00f3\" href=\"https:\/\/inici.espai.educacio.gencat.cat\/\" target=\"_blank\" rel=\"noopener\" data-saferedirecturl=\"https:\/\/www.google.com\/url?q=https:\/\/inici.espai.educacio.gencat.cat\/&amp;source=gmail&amp;ust=1657281608812000&amp;usg=AOvVaw1IRS1UqYT6WU-3wJWH0to0\">Portals de centres del Departament d\u2019Educaci\u00f3 I Formaci\u00f3 Professional<\/a><\/strong>.<\/p>\n<p>Durant el primer trimestre, s&#8217;ofereix una formaci\u00f3 als docents per poder acompanyar els alumnes en les seves lectures, que consistir\u00e0 en un taller de dues sessions formatives en l\u00ednia. La primera sessi\u00f3 ser\u00e0 al voltant del g\u00e8nere, tema o l&#8217;autor que es treballa en els dossiers i la segona consistir\u00e0 en una tert\u00falia sobre les propostes de lectura que s\u2019ofereixen des del programa. En trobareu m\u00e9s informaci\u00f3 sobre els tallers i l&#8217;enlla\u00e7 a la inscripci\u00f3 a l&#8217;apartat de <strong><a title=\"formacions\" href=\"https:\/\/xtec.gencat.cat\/ca\/projectes\/lectura\/gustperlalectura\/formacions\/\" data-saferedirecturl=\"https:\/\/www.google.com\/url?q=https:\/\/xtec.gencat.cat\/ca\/projectes\/lectura\/gustperlalectura\/formacions\/&amp;source=gmail&amp;ust=1657281608812000&amp;usg=AOvVaw0Iwf8n3t6ejxzVz6jA_pVc\">formacions<\/a><\/strong>\u00a0del programa.<\/p>\n<p>Llibres:<\/p>\n<ul>\n<li><strong>Educaci\u00f3 secund\u00e0ria obligat\u00f2ria (3r i 4t d&#8217;ESO, GESO, CAM i PPACFGM)<\/strong><\/li>\n<li><strong>Eix AUTORA: Care Santos<\/strong><\/li>\n<li>Santos, Care. La tercera m\u00e0scara. Edeb\u00e9, 2022<\/li>\n<li>\n<h6><span style=\"color: #000000;\"><strong>Eix: LLEGIR CI\u00c8NCIA<\/strong><\/span><\/h6>\n<\/li>\n<li>Haddon, Mark. El curi\u00f3s incident del gos a mitjanit. La Magrana, 2003<\/li>\n<li><strong>Batxillerat i Adults (PPACFGS, PAU i &gt;25)<\/strong><\/li>\n<li>C\u00f2ctel de contes. A cura d\u2019Albert Planelles i Francesc Vernet. Educaula62, 2019<\/li>\n<\/ul>\n<p style=\"text-align: center;\"><a href=\"https:\/\/xtec.gencat.cat\/ca\/projectes\/lectura\/gustperlalectura\/\" target=\"_blank\" rel=\"noopener\"><img loading=\"lazy\" decoding=\"async\" class=\"alignnone wp-image-14552\" src=\"https:\/\/projectes.xtec.cat\/xarxadults\/wp-content\/uploads\/usu1741\/2024\/11\/XXX-gust-lectura.jpg\" alt=\"\" width=\"227\" height=\"227\" \/><\/a><\/p>\n","protected":false},"excerpt":{"rendered":"<p>El concurs suposa la participaci\u00f3 de l&#8217;alumnat en el programa. Es basa en la lectura i treball de les obres i els dossiers did\u00e0ctics\u00a0<a href=\"https:\/\/xtec.gencat.cat\/ca\/projectes\/lectura\/gustperlalectura\/materialdidactic\/curs-actual\/\">proposats<\/a>\u00a0amb anterioritat.<br \/>\nLa formalitzaci\u00f3 de la inscripci\u00f3 i el lliurament dels treballs es duu a terme mitjan\u00e7ant el formulari en l\u00ednia del&hellip;  <a href=\"https:\/\/projectes.xtec.cat\/xarxadults\/xx\/xxx-concurs-el-gust-per-la-lectura\/\" title=\"Read XXX Concurs El gust per la lectura\">Llegeix m\u00e9s\u00bb<\/a><\/p>\n","protected":false},"author":362,"featured_media":14552,"comment_status":"closed","ping_status":"closed","sticky":false,"template":"","format":"standard","meta":{"_bbp_topic_count":0,"_bbp_reply_count":0,"_bbp_total_topic_count":0,"_bbp_total_reply_count":0,"_bbp_voice_count":0,"_bbp_anonymous_reply_count":0,"_bbp_topic_count_hidden":0,"_bbp_reply_count_hidden":0,"_bbp_forum_subforum_count":0,"footnotes":""},"categories":[1,29],"tags":[411],"class_list":["post-14548","post","type-post","status-publish","format-standard","has-post-thumbnail","hentry","category-xx","category-portada","tag-lectura"],"post_mailing_queue_ids":[],"_links":{"self":[{"href":"https:\/\/projectes.xtec.cat\/xarxadults\/wp-json\/wp\/v2\/posts\/14548","targetHints":{"allow":["GET"]}}],"collection":[{"href":"https:\/\/projectes.xtec.cat\/xarxadults\/wp-json\/wp\/v2\/posts"}],"about":[{"href":"https:\/\/projectes.xtec.cat\/xarxadults\/wp-json\/wp\/v2\/types\/post"}],"author":[{"embeddable":true,"href":"https:\/\/projectes.xtec.cat\/xarxadults\/wp-json\/wp\/v2\/users\/362"}],"replies":[{"embeddable":true,"href":"https:\/\/projectes.xtec.cat\/xarxadults\/wp-json\/wp\/v2\/comments?post=14548"}],"version-history":[{"count":6,"href":"https:\/\/projectes.xtec.cat\/xarxadults\/wp-json\/wp\/v2\/posts\/14548\/revisions"}],"predecessor-version":[{"id":14555,"href":"https:\/\/projectes.xtec.cat\/xarxadults\/wp-json\/wp\/v2\/posts\/14548\/revisions\/14555"}],"wp:featuredmedia":[{"embeddable":true,"href":"https:\/\/projectes.xtec.cat\/xarxadults\/wp-json\/wp\/v2\/media\/14552"}],"wp:attachment":[{"href":"https:\/\/projectes.xtec.cat\/xarxadults\/wp-json\/wp\/v2\/media?parent=14548"}],"wp:term":[{"taxonomy":"category","embeddable":true,"href":"https:\/\/projectes.xtec.cat\/xarxadults\/wp-json\/wp\/v2\/categories?post=14548"},{"taxonomy":"post_tag","embeddable":true,"href":"https:\/\/projectes.xtec.cat\/xarxadults\/wp-json\/wp\/v2\/tags?post=14548"}],"curies":[{"name":"wp","href":"https:\/\/api.w.org\/{rel}","templated":true}]}}