{"id":14631,"date":"2025-02-21T08:40:49","date_gmt":"2025-02-21T07:40:49","guid":{"rendered":"https:\/\/projectes.xtec.cat\/xarxadults\/?p=14631"},"modified":"2025-02-21T08:40:49","modified_gmt":"2025-02-21T07:40:49","slug":"i-tu-que-hi-pintes-setmana-de-lorientacio-academica-i-professional-del-cfa-valles-de-granollers","status":"publish","type":"post","link":"https:\/\/projectes.xtec.cat\/xarxadults\/xx\/i-tu-que-hi-pintes-setmana-de-lorientacio-academica-i-professional-del-cfa-valles-de-granollers\/","title":{"rendered":"I tu, qu\u00e8 hi pintes? Setmana de l&#8217;orientaci\u00f3 acad\u00e8mica i professional del CFA Vall\u00e8s de Granollers"},"content":{"rendered":"<div>Del 14 al 20 de febrer, el CFA Vall\u00e8s va oferir un seguit d\u2019activitats relacionades amb l\u2019orientaci\u00f3 acad\u00e8mica i professional a c\u00e0rrec de professionals de l\u2019\u00e0mbit educatiu i d\u2019exalumnes que pretenen que es converteixin en instruments d\u2019empoderament i motivaci\u00f3 per al seu alumnat.<\/div>\n<div>\n<p dir=\"ltr\">Mitjan\u00e7ant 3 tipus d\u2019activitats, es proposaven<\/p>\n<ul>\n<li dir=\"ltr\">\n<p dir=\"ltr\" role=\"presentation\">Oferir a l\u2019alumnat la informaci\u00f3, les experi\u00e8ncies d\u2019altres i les eines perqu\u00e8 assumeixin amb autonomia decisions en els \u00e0mbits personal, acad\u00e8mic i professional.<\/p>\n<\/li>\n<\/ul>\n<p><span style=\"font-family: arial, sans-serif;\">\u00a0<\/span><\/p>\n<ul>\n<li dir=\"ltr\">\n<p dir=\"ltr\" role=\"presentation\">Facilitar a l\u2019alumnat espais de reflexi\u00f3 i discussi\u00f3 que l\u2019ajudin a treballar la planificaci\u00f3, l\u2019autoregulaci\u00f3 i la relaci\u00f3 amb el grup.<\/p>\n<\/li>\n<\/ul>\n<p><span style=\"font-family: arial, sans-serif;\">\u00a0<\/span><\/p>\n<ul>\n<li dir=\"ltr\">\n<p dir=\"ltr\" role=\"presentation\">Motivar l\u2019alumnat perqu\u00e8 eviti l\u2019abandonament i l\u2019absentisme en reflexionar sobre els objectius que pot\u00a0 assolir mitjan\u00e7ant una formaci\u00f3 flexible i personalitzada.<\/p>\n<\/li>\n<li dir=\"ltr\"><b><a href=\"http:\/\/secure-web.cisco.com\/10qan2DnZfSYWmuRETTfjtJYaZ88nJn68eW5ZewqSYSJNoQTsgOeHD7gwBaqfL1WiYSe7m514HXubyx-XLRTKqS3-9JCuu1JRKXr2g-184SKkt0_1MAd4DHdeUdIDltdmwXElV3tXWi_6UfUbt_pfXsYkPICaSqRFvk9KsxVeaeDl9IpL_dzGJIVBRLez0KBuEVaEk5goH1HNK2D-flLTNrDbzn0pEvL914qP4GtzX4MiPLOnms2ZnjpyAKO1jv9zsoPW_axjEuWO7j6HBWbvyefVsCKOsl4OoMTaFx5IajefRBvJkEhGY0LhtO8KxYBeKXxTCm3i7ljtFSCA8NopAe9gqwf0DGE1efvXV2usGWC-uTkeNPFibsH0K2HZljmsWwNcz6zkmTbzQMf97OEOoY0oR3a-00CKGhQ5_WxseaZfwt2iNEctYJRUFVaSX-j_Ctkkwjki4e_BIlOlq1etYaLxFEJMXIm6hG3KkCTglO-kMQHV29XKiiGI9x3YmiR2\/http%3A%2F%2Fwww.cfavalles.org%2Fdoku.php%3Fid%3Dsetmana\" target=\"_blank\" rel=\"noopener\" data-saferedirecturl=\"https:\/\/www.google.com\/url?q=http:\/\/secure-web.cisco.com\/10qan2DnZfSYWmuRETTfjtJYaZ88nJn68eW5ZewqSYSJNoQTsgOeHD7gwBaqfL1WiYSe7m514HXubyx-XLRTKqS3-9JCuu1JRKXr2g-184SKkt0_1MAd4DHdeUdIDltdmwXElV3tXWi_6UfUbt_pfXsYkPICaSqRFvk9KsxVeaeDl9IpL_dzGJIVBRLez0KBuEVaEk5goH1HNK2D-flLTNrDbzn0pEvL914qP4GtzX4MiPLOnms2ZnjpyAKO1jv9zsoPW_axjEuWO7j6HBWbvyefVsCKOsl4OoMTaFx5IajefRBvJkEhGY0LhtO8KxYBeKXxTCm3i7ljtFSCA8NopAe9gqwf0DGE1efvXV2usGWC-uTkeNPFibsH0K2HZljmsWwNcz6zkmTbzQMf97OEOoY0oR3a-00CKGhQ5_WxseaZfwt2iNEctYJRUFVaSX-j_Ctkkwjki4e_BIlOlq1etYaLxFEJMXIm6hG3KkCTglO-kMQHV29XKiiGI9x3YmiR2\/http%253A%252F%252Fwww.cfavalles.org%252Fdoku.php%253Fid%253Dsetmana&amp;source=gmail&amp;ust=1740121682134000&amp;usg=AOvVaw1HcptEHm9xqV_ah6P7XaQB\">AQU\u00cd<\/a>\u00a0<\/b>trobareu el\u00a0 programa.<\/li>\n<\/ul>\n<\/div>\n","protected":false},"excerpt":{"rendered":"<p>Del 14 al 20 de febrer, el CFA Vall\u00e8s va oferir un seguit d\u2019activitats relacionades amb l\u2019orientaci\u00f3 acad\u00e8mica i professional a c\u00e0rrec de professionals de l\u2019\u00e0mbit educatiu i d\u2019exalumnes que pretenen que es converteixin en instruments d\u2019empoderament i motivaci\u00f3 per al seu alumnat.<\/p>\n<p>Mitjan\u00e7ant 3 tipus&hellip;  <a href=\"https:\/\/projectes.xtec.cat\/xarxadults\/xx\/i-tu-que-hi-pintes-setmana-de-lorientacio-academica-i-professional-del-cfa-valles-de-granollers\/\" title=\"Read I tu, qu\u00e8 hi pintes? Setmana de l&#8217;orientaci\u00f3 acad\u00e8mica i professional del CFA Vall\u00e8s de Granollers\">Llegeix m\u00e9s\u00bb<\/a><\/p>\n","protected":false},"author":362,"featured_media":14634,"comment_status":"closed","ping_status":"closed","sticky":false,"template":"","format":"standard","meta":{"_bbp_topic_count":0,"_bbp_reply_count":0,"_bbp_total_topic_count":0,"_bbp_total_reply_count":0,"_bbp_voice_count":0,"_bbp_anonymous_reply_count":0,"_bbp_topic_count_hidden":0,"_bbp_reply_count_hidden":0,"_bbp_forum_subforum_count":0,"footnotes":""},"categories":[317,1,388,29,76],"tags":[],"class_list":["post-14631","post","type-post","status-publish","format-standard","has-post-thumbnail","hentry","category-dinamitzacio","category-xx","category-orientacio","category-portada","category-recursos"],"post_mailing_queue_ids":[],"_links":{"self":[{"href":"https:\/\/projectes.xtec.cat\/xarxadults\/wp-json\/wp\/v2\/posts\/14631","targetHints":{"allow":["GET"]}}],"collection":[{"href":"https:\/\/projectes.xtec.cat\/xarxadults\/wp-json\/wp\/v2\/posts"}],"about":[{"href":"https:\/\/projectes.xtec.cat\/xarxadults\/wp-json\/wp\/v2\/types\/post"}],"author":[{"embeddable":true,"href":"https:\/\/projectes.xtec.cat\/xarxadults\/wp-json\/wp\/v2\/users\/362"}],"replies":[{"embeddable":true,"href":"https:\/\/projectes.xtec.cat\/xarxadults\/wp-json\/wp\/v2\/comments?post=14631"}],"version-history":[{"count":6,"href":"https:\/\/projectes.xtec.cat\/xarxadults\/wp-json\/wp\/v2\/posts\/14631\/revisions"}],"predecessor-version":[{"id":14643,"href":"https:\/\/projectes.xtec.cat\/xarxadults\/wp-json\/wp\/v2\/posts\/14631\/revisions\/14643"}],"wp:featuredmedia":[{"embeddable":true,"href":"https:\/\/projectes.xtec.cat\/xarxadults\/wp-json\/wp\/v2\/media\/14634"}],"wp:attachment":[{"href":"https:\/\/projectes.xtec.cat\/xarxadults\/wp-json\/wp\/v2\/media?parent=14631"}],"wp:term":[{"taxonomy":"category","embeddable":true,"href":"https:\/\/projectes.xtec.cat\/xarxadults\/wp-json\/wp\/v2\/categories?post=14631"},{"taxonomy":"post_tag","embeddable":true,"href":"https:\/\/projectes.xtec.cat\/xarxadults\/wp-json\/wp\/v2\/tags?post=14631"}],"curies":[{"name":"wp","href":"https:\/\/api.w.org\/{rel}","templated":true}]}}