{"id":14735,"date":"2025-03-21T13:59:13","date_gmt":"2025-03-21T12:59:13","guid":{"rendered":"https:\/\/projectes.xtec.cat\/xarxadults\/?p=14735"},"modified":"2025-03-24T09:27:50","modified_gmt":"2025-03-24T08:27:50","slug":"jornada-de-direccions-de-centres-de-formacio-dadults","status":"publish","type":"post","link":"https:\/\/projectes.xtec.cat\/xarxadults\/xx\/jornada-de-direccions-de-centres-de-formacio-dadults\/","title":{"rendered":"Jornada de Direccions de Centres de Formaci\u00f3 d\u2019Adults"},"content":{"rendered":"<p>El passat 20 de mar\u00e7 va tenir lloc la <strong>Jornada de Direccions de Centres de Formaci\u00f3 d\u2019Adults<\/strong>, a Sant Feliu de Llobregat, als espais de l\u2019Institut Mart\u00ed Dot. Va ser un espai clau de trobada i reflexi\u00f3 per als equips directius dels CFA de Catalunya. <span class=\"TextRun SCXW203575888 BCX8\" lang=\"CA-ES\" xml:lang=\"CA-ES\" data-contrast=\"auto\"><span class=\"NormalTextRun SCXW203575888 BCX8\">Aquesta jornada va ser impulsada des de la direcci\u00f3 general d\u2019Alumnat i va ser organitzada pel servei d\u2019educaci\u00f3 al Llarg de la Vida.<\/span><\/span><span class=\"EOP SCXW203575888 BCX8\" data-ccp-props=\"{&quot;134233117&quot;:true,&quot;134233118&quot;:true}\">\u00a0<\/span><\/p>\n<p>La jornada es va iniciar amb la benvinguda institucional a c\u00e0rrec de la Directora dels Serveis Territorials del Departament d\u2019Educaci\u00f3 al Baix Llobregat, la Sra. Rosa M\u00aa Gallardo que va posar en valor la tasca essencial que desenvolupen els centres d\u2019adults en la societat actual i de la Coordinadora d\u2019Adults del ST Rosa Fern\u00e1ndez que va explicar la situaci\u00f3 dels CFA al territori. De la mateixa manera, la Sra. Begonya Gasch, directora general de la fundaci\u00f3 El Llindar, va explicar la pres\u00e8ncia i funci\u00f3 de centres de noves oportunitats al territori.<\/p>\n<p>La Sra. Gemma Verd\u00e9s, directora general de l\u2019Alumnat, va presentar el full de ruta marcat per a l\u2019educaci\u00f3 de persones adultes en els pr\u00f2xims anys.<\/p>\n<p>La jornada va continuar amb la presentaci\u00f3 de l\u2019<strong>informe final de les jornades de debat sobre el futur de l\u2019educaci\u00f3 al llarg de la vida<\/strong>, exposat per Ana Ayuste i Juan Llanes, professors de la Facultat d\u2019Educaci\u00f3 de la Universitat de Barcelona que posa sobre la taula els reptes i oportunitats del sector.<\/p>\n<p>La jornada tamb\u00e9 va incloure una taula rodona titulada <strong>&#8220;El futur ja \u00e9s present: centres de formaci\u00f3 d&#8217;adults i les noves oportunitats&#8221;<\/strong>, moderada pels professors Ana Ayuste i Juan Llanes. En aquesta, professionals destacats com Marta Cid (Fundaci\u00f3 Gentis), Marc Monr\u00f3s (CFA El Carmel), Ester Vall (CFA Les Bernardes) i Jordi Valldeoriola (Fundaci\u00f3 Albir) van compartir les seves experi\u00e8ncies i visions sobre el paper transformador dels centres d\u2019adults i noves oportunitats.<span class=\"TextRun SCXW122660156 BCX8\" lang=\"CA-ES\" xml:lang=\"CA-ES\" data-contrast=\"auto\"><span class=\"NormalTextRun SCXW122660156 BCX8\">sobre el paper transformador dels centres d\u2019adults i noves oportunitats<\/span><span class=\"NormalTextRun SCXW122660156 BCX8\"> i de la seva complementarietat.<\/span><\/span><\/p>\n<p><span class=\"NormalTextRun SCXW200946317 BCX8\">Finalment, la cloenda va estar a c\u00e0rrec de la Sra. Gemma <\/span><span class=\"NormalTextRun SpellingErrorV2Themed SCXW200946317 BCX8\">Verd\u00e9s<\/span><span class=\"NormalTextRun SCXW200946317 BCX8\">, que va respondre algunes <\/span><span class=\"NormalTextRun SCXW200946317 BCX8\">q\u00fcestions<\/span><span class=\"NormalTextRun SCXW200946317 BCX8\"> que es van anar plantejant durant la jornada.<\/span><\/p>\n<p><img loading=\"lazy\" decoding=\"async\" class=\"wp-image-14742 aligncenter\" src=\"https:\/\/projectes.xtec.cat\/xarxadults\/wp-content\/uploads\/usu1741\/2025\/03\/IMG-20250320-WA0005-1024x793.jpg\" alt=\"\" width=\"502\" height=\"389\" srcset=\"https:\/\/projectes.xtec.cat\/xarxadults\/wp-content\/uploads\/usu1741\/2025\/03\/IMG-20250320-WA0005-1024x793.jpg 1024w, https:\/\/projectes.xtec.cat\/xarxadults\/wp-content\/uploads\/usu1741\/2025\/03\/IMG-20250320-WA0005-300x232.jpg 300w, https:\/\/projectes.xtec.cat\/xarxadults\/wp-content\/uploads\/usu1741\/2025\/03\/IMG-20250320-WA0005-768x595.jpg 768w, https:\/\/projectes.xtec.cat\/xarxadults\/wp-content\/uploads\/usu1741\/2025\/03\/IMG-20250320-WA0005-1536x1189.jpg 1536w, https:\/\/projectes.xtec.cat\/xarxadults\/wp-content\/uploads\/usu1741\/2025\/03\/IMG-20250320-WA0005.jpg 1600w\" sizes=\"auto, (max-width: 502px) 100vw, 502px\" \/><\/p>\n<p style=\"text-align: center;\"><img loading=\"lazy\" decoding=\"async\" class=\"alignnone size-large wp-image-14748\" src=\"https:\/\/projectes.xtec.cat\/xarxadults\/wp-content\/uploads\/usu1741\/2025\/03\/IMG-20250321-WA0002-2-e1742559730425-1024x610.jpg\" alt=\"\" width=\"1024\" height=\"610\" \/><\/p>\n<p>&nbsp;<\/p>\n<p>&nbsp;<\/p>\n<p>&nbsp;<\/p>\n<p>&nbsp;<\/p>\n","protected":false},"excerpt":{"rendered":"<p>El passat 20 de mar\u00e7 va tenir lloc la Jornada de Direccions de Centres de Formaci\u00f3 d\u2019Adults, a Sant Feliu de Llobregat, als espais de l\u2019Institut Mart\u00ed Dot. Va ser un espai clau de trobada i reflexi\u00f3 per als equips directius dels CFA de Catalunya.&hellip;  <a href=\"https:\/\/projectes.xtec.cat\/xarxadults\/xx\/jornada-de-direccions-de-centres-de-formacio-dadults\/\" title=\"Read Jornada de Direccions de Centres de Formaci\u00f3 d\u2019Adults\">Llegeix m\u00e9s\u00bb<\/a><\/p>\n","protected":false},"author":362,"featured_media":14748,"comment_status":"closed","ping_status":"closed","sticky":false,"template":"","format":"standard","meta":{"_bbp_topic_count":0,"_bbp_reply_count":0,"_bbp_total_topic_count":0,"_bbp_total_reply_count":0,"_bbp_voice_count":0,"_bbp_anonymous_reply_count":0,"_bbp_topic_count_hidden":0,"_bbp_reply_count_hidden":0,"_bbp_forum_subforum_count":0,"footnotes":""},"categories":[317,1,29],"tags":[],"class_list":["post-14735","post","type-post","status-publish","format-standard","has-post-thumbnail","hentry","category-dinamitzacio","category-xx","category-portada"],"post_mailing_queue_ids":[],"_links":{"self":[{"href":"https:\/\/projectes.xtec.cat\/xarxadults\/wp-json\/wp\/v2\/posts\/14735","targetHints":{"allow":["GET"]}}],"collection":[{"href":"https:\/\/projectes.xtec.cat\/xarxadults\/wp-json\/wp\/v2\/posts"}],"about":[{"href":"https:\/\/projectes.xtec.cat\/xarxadults\/wp-json\/wp\/v2\/types\/post"}],"author":[{"embeddable":true,"href":"https:\/\/projectes.xtec.cat\/xarxadults\/wp-json\/wp\/v2\/users\/362"}],"replies":[{"embeddable":true,"href":"https:\/\/projectes.xtec.cat\/xarxadults\/wp-json\/wp\/v2\/comments?post=14735"}],"version-history":[{"count":6,"href":"https:\/\/projectes.xtec.cat\/xarxadults\/wp-json\/wp\/v2\/posts\/14735\/revisions"}],"predecessor-version":[{"id":14767,"href":"https:\/\/projectes.xtec.cat\/xarxadults\/wp-json\/wp\/v2\/posts\/14735\/revisions\/14767"}],"wp:featuredmedia":[{"embeddable":true,"href":"https:\/\/projectes.xtec.cat\/xarxadults\/wp-json\/wp\/v2\/media\/14748"}],"wp:attachment":[{"href":"https:\/\/projectes.xtec.cat\/xarxadults\/wp-json\/wp\/v2\/media?parent=14735"}],"wp:term":[{"taxonomy":"category","embeddable":true,"href":"https:\/\/projectes.xtec.cat\/xarxadults\/wp-json\/wp\/v2\/categories?post=14735"},{"taxonomy":"post_tag","embeddable":true,"href":"https:\/\/projectes.xtec.cat\/xarxadults\/wp-json\/wp\/v2\/tags?post=14735"}],"curies":[{"name":"wp","href":"https:\/\/api.w.org\/{rel}","templated":true}]}}