{"id":14834,"date":"2025-05-30T10:35:37","date_gmt":"2025-05-30T08:35:37","guid":{"rendered":"https:\/\/projectes.xtec.cat\/xarxadults\/?p=14834"},"modified":"2025-05-30T10:36:24","modified_gmt":"2025-05-30T08:36:24","slug":"projecte-erasmus-educacio-dadults-en-centres-penitenciaris-estrategies-innovadores-per-a-promoure-latencio-educativa-a-persones-adultes-en-centres-penitenciaris","status":"publish","type":"post","link":"https:\/\/projectes.xtec.cat\/xarxadults\/xx\/projecte-erasmus-educacio-dadults-en-centres-penitenciaris-estrategies-innovadores-per-a-promoure-latencio-educativa-a-persones-adultes-en-centres-penitenciaris\/","title":{"rendered":"Projecte Erasmus+ Educaci\u00f3 d&#8217;adults en centres penitenciaris: Estrat\u00e8gies innovadores per a promoure l&#8217;atenci\u00f3 educativa a persones adultes en centres penitenciaris"},"content":{"rendered":"<p>Al llarg del present curs 2024-2025 el Servei d&#8217;Educaci\u00f3 al Llarg de la Vida (SELV) del Departament d&#8217;Educaci\u00f3 i Formaci\u00f3 Professional de la Generalitat de Catalunya implementa el projecte anomenat \u201cEducaci\u00f3 d&#8217;adults en centres penitenciaris: Estrat\u00e8gies innovadores per a promoure l&#8217;atenci\u00f3 educativa a persones adultes en centres penitenciaris\u201d, en el marc del programa Erasmus+ (KA122-ADU) projectes a curt termini per a la mobilitat d&#8217;estudiants i adults.<\/p>\n<p>Entre els objectius del programa Erasmus+ destaquen l&#8217;aprenentatge permanent, el suport al desenvolupament educatiu i personal, el desenvolupament de l&#8217;organitzaci\u00f3 i millora de les compet\u00e8ncies del personal, aix\u00ed com l&#8217;augment de la participaci\u00f3 en les activitats educatives.<\/p>\n<p>Aqu\u00ed trobareu el<span style=\"font-family: verdana, sans-serif;\"><span style=\"color: #000000;\">\u00a0<a href=\"https:\/\/sites.google.com\/xtec.cat\/erasmusselv?usp=sharing\" target=\"_blank\" rel=\"noopener\" data-saferedirecturl=\"https:\/\/www.google.com\/url?q=https:\/\/sites.google.com\/xtec.cat\/erasmusselv?usp%3Dsharing&amp;source=gmail&amp;ust=1748675113403000&amp;usg=AOvVaw2ochHDzlpD1uv-SewIy20a\">web del projecte<\/a>\u00a0de<\/span><\/span> les visites a CFA en seu penitenci\u00e0ria a l&#8217;espai europeu. El web es va actualitzant a mida que realitzem les mobilitats, per\u00f2 es pot consultar el projecte i els documents de l&#8217;apartat de materials. Tamb\u00e9 hem enlla\u00e7at els contactes i llocs web dels socis del projecte.<\/p>\n<div style=\"text-align: center;\"><a href=\"https:\/\/sites.google.com\/xtec.cat\/erasmusselv?usp=sharing\"><img loading=\"lazy\" decoding=\"async\" class=\"alignnone wp-image-14835\" src=\"https:\/\/projectes.xtec.cat\/xarxadults\/wp-content\/uploads\/usu1741\/2025\/05\/Captura-de-pantalla-2025-05-30-095958-1024x399.jpg\" alt=\"\" width=\"657\" height=\"256\" \/><\/a><\/div>\n","protected":false},"excerpt":{"rendered":"<p>Al llarg del present curs 2024-2025 el Servei d&#8217;Educaci\u00f3 al Llarg de la Vida (SELV) del Departament d&#8217;Educaci\u00f3 i Formaci\u00f3 Professional de la Generalitat de Catalunya implementa el projecte anomenat \u201cEducaci\u00f3 d&#8217;adults en centres penitenciaris: Estrat\u00e8gies innovadores per a promoure l&#8217;atenci\u00f3 educativa a persones adultes&hellip;  <a href=\"https:\/\/projectes.xtec.cat\/xarxadults\/xx\/projecte-erasmus-educacio-dadults-en-centres-penitenciaris-estrategies-innovadores-per-a-promoure-latencio-educativa-a-persones-adultes-en-centres-penitenciaris\/\" title=\"Read Projecte Erasmus+ Educaci\u00f3 d&#8217;adults en centres penitenciaris: Estrat\u00e8gies innovadores per a promoure l&#8217;atenci\u00f3 educativa a persones adultes en centres penitenciaris\">Llegeix m\u00e9s\u00bb<\/a><\/p>\n","protected":false},"author":362,"featured_media":14835,"comment_status":"closed","ping_status":"closed","sticky":false,"template":"","format":"standard","meta":{"_bbp_topic_count":0,"_bbp_reply_count":0,"_bbp_total_topic_count":0,"_bbp_total_reply_count":0,"_bbp_voice_count":0,"_bbp_anonymous_reply_count":0,"_bbp_topic_count_hidden":0,"_bbp_reply_count_hidden":0,"_bbp_forum_subforum_count":0,"footnotes":""},"categories":[1,29,76,64],"tags":[436,361,473,422,382],"class_list":["post-14834","post","type-post","status-publish","format-standard","has-post-thumbnail","hentry","category-xx","category-portada","category-recursos","category-trobades","tag-educacio-adults","tag-educacio-al-llarg-de-la-vida","tag-erasmus","tag-projectes","tag-trobades"],"post_mailing_queue_ids":[],"_links":{"self":[{"href":"https:\/\/projectes.xtec.cat\/xarxadults\/wp-json\/wp\/v2\/posts\/14834","targetHints":{"allow":["GET"]}}],"collection":[{"href":"https:\/\/projectes.xtec.cat\/xarxadults\/wp-json\/wp\/v2\/posts"}],"about":[{"href":"https:\/\/projectes.xtec.cat\/xarxadults\/wp-json\/wp\/v2\/types\/post"}],"author":[{"embeddable":true,"href":"https:\/\/projectes.xtec.cat\/xarxadults\/wp-json\/wp\/v2\/users\/362"}],"replies":[{"embeddable":true,"href":"https:\/\/projectes.xtec.cat\/xarxadults\/wp-json\/wp\/v2\/comments?post=14834"}],"version-history":[{"count":6,"href":"https:\/\/projectes.xtec.cat\/xarxadults\/wp-json\/wp\/v2\/posts\/14834\/revisions"}],"predecessor-version":[{"id":14843,"href":"https:\/\/projectes.xtec.cat\/xarxadults\/wp-json\/wp\/v2\/posts\/14834\/revisions\/14843"}],"wp:featuredmedia":[{"embeddable":true,"href":"https:\/\/projectes.xtec.cat\/xarxadults\/wp-json\/wp\/v2\/media\/14835"}],"wp:attachment":[{"href":"https:\/\/projectes.xtec.cat\/xarxadults\/wp-json\/wp\/v2\/media?parent=14834"}],"wp:term":[{"taxonomy":"category","embeddable":true,"href":"https:\/\/projectes.xtec.cat\/xarxadults\/wp-json\/wp\/v2\/categories?post=14834"},{"taxonomy":"post_tag","embeddable":true,"href":"https:\/\/projectes.xtec.cat\/xarxadults\/wp-json\/wp\/v2\/tags?post=14834"}],"curies":[{"name":"wp","href":"https:\/\/api.w.org\/{rel}","templated":true}]}}