{"id":14861,"date":"2025-06-12T21:06:26","date_gmt":"2025-06-12T19:06:26","guid":{"rendered":"https:\/\/projectes.xtec.cat\/xarxadults\/?p=14861"},"modified":"2025-06-12T21:06:26","modified_gmt":"2025-06-12T19:06:26","slug":"reunio-dambaixadors-epale-un-pas-clau-cap-a-lavaluacio-i-lacreditacio-de-competencies-basiques-en-persones-adultes","status":"publish","type":"post","link":"https:\/\/projectes.xtec.cat\/xarxadults\/portada\/reunio-dambaixadors-epale-un-pas-clau-cap-a-lavaluacio-i-lacreditacio-de-competencies-basiques-en-persones-adultes\/","title":{"rendered":"Reuni\u00f3 d&#8217;Ambaixadors EPALE: Un pas clau cap a l&#8217;avaluaci\u00f3 i l&#8217;acreditaci\u00f3 de compet\u00e8ncies b\u00e0siques en persones adultes"},"content":{"rendered":"<p>Dijous passat 5 de juny, la seu del Ministeri d&#8217;Educaci\u00f3, Formaci\u00f3 Professional i Esports, va acollir la reuni\u00f3 de la xarxa d&#8217;Ambaixadors EPALE Espanya amb l&#8217;objectiu principal de donar a con\u00e8ixer el nou marc normatiu creat a partir de la publicaci\u00f3 del Reial Decret 86\/2025, d&#8217;11 de febrer, que regula el procediment d&#8217;avaluaci\u00f3 i acreditaci\u00f3 de les compet\u00e8ncies per a totes les parts implicades.<\/p>\n<p>La jornada va ser inaugurada per Esther Monterrubio, Secret\u00e0ria General de Formaci\u00f3 Professional, que va subratllar la import\u00e0ncia d&#8217;aquest nou marc normatiu com a eina per \u201crecon\u00e8ixer el valor de l&#8217;aprenentatge al llarg de la vida i oferir noves oportunitats a aquelles persones que, mancant dels requisits acad\u00e8mics formals per accedir a la formaci\u00f3 professional, poden demostrar compet\u00e8ncies b\u00e0siques \u2013comunicativa en personal\u2013 contextos d&#8217;aprenentatge no formal i informal\u201d. Les seves paraules van marcar el to d&#8217;una jornada centrada en la inclusi\u00f3, l&#8217;equitat i el reconeixement de sabers adquirits per vies no formals i informals en el context d&#8217;un sistema de formaci\u00f3 professional integrat que s&#8217;est\u00e0 implementant al nostre pa\u00eds a partir de la publicaci\u00f3 de la Llei org\u00e0nica 3\/2022, del 31 de mar\u00e7, d&#8217;ordenaci\u00f3 i integraci\u00f3 de la formaci\u00f3 professional.<\/p>\n<p>La delegaci\u00f3 catalana va estar formada per els ambaixadors EPALE Miriam Castillo i Vicent Barber\u00e0.<\/p>\n<p><a href=\"https:\/\/epale.ec.europa.eu\/es\/content\/reunion-de-embajadores-epale-un-paso-clave-hacia-la-evaluacion-y-acreditacion-de\" target=\"_blank\" rel=\"noopener\"><img loading=\"lazy\" decoding=\"async\" class=\"wp-image-14864 aligncenter\" src=\"https:\/\/projectes.xtec.cat\/xarxadults\/wp-content\/uploads\/usu1741\/2025\/06\/25-juny-25.jpg\" alt=\"\" width=\"516\" height=\"376\" \/><\/a><\/p>\n<p>Per poder veure la tota la informaci\u00f3 sobre la jornada podeu anar a aquest <a href=\"https:\/\/epale.ec.europa.eu\/es\/content\/reunion-de-embajadores-epale-un-paso-clave-hacia-la-evaluacion-y-acreditacion-de\" target=\"_blank\" rel=\"noopener\">enlla\u00e7<\/a>.<\/p>\n","protected":false},"excerpt":{"rendered":"<p>Dijous passat 5 de juny, la seu del Ministeri d&#8217;Educaci\u00f3, Formaci\u00f3 Professional i Esports, va acollir la reuni\u00f3 de la xarxa d&#8217;Ambaixadors EPALE Espanya amb l&#8217;objectiu principal de donar a con\u00e8ixer el nou marc normatiu creat a partir de la publicaci\u00f3 del Reial Decret 86\/2025,&hellip;  <a href=\"https:\/\/projectes.xtec.cat\/xarxadults\/portada\/reunio-dambaixadors-epale-un-pas-clau-cap-a-lavaluacio-i-lacreditacio-de-competencies-basiques-en-persones-adultes\/\" title=\"Read Reuni\u00f3 d&#8217;Ambaixadors EPALE: Un pas clau cap a l&#8217;avaluaci\u00f3 i l&#8217;acreditaci\u00f3 de compet\u00e8ncies b\u00e0siques en persones adultes\">Llegeix m\u00e9s\u00bb<\/a><\/p>\n","protected":false},"author":362,"featured_media":14864,"comment_status":"open","ping_status":"open","sticky":false,"template":"","format":"standard","meta":{"_bbp_topic_count":0,"_bbp_reply_count":0,"_bbp_total_topic_count":0,"_bbp_total_reply_count":0,"_bbp_voice_count":0,"_bbp_anonymous_reply_count":0,"_bbp_topic_count_hidden":0,"_bbp_reply_count_hidden":0,"_bbp_forum_subforum_count":0,"footnotes":""},"categories":[29],"tags":[452,375],"class_list":["post-14861","post","type-post","status-publish","format-standard","has-post-thumbnail","hentry","category-portada","tag-competencies-basiques","tag-epale"],"post_mailing_queue_ids":[],"_links":{"self":[{"href":"https:\/\/projectes.xtec.cat\/xarxadults\/wp-json\/wp\/v2\/posts\/14861","targetHints":{"allow":["GET"]}}],"collection":[{"href":"https:\/\/projectes.xtec.cat\/xarxadults\/wp-json\/wp\/v2\/posts"}],"about":[{"href":"https:\/\/projectes.xtec.cat\/xarxadults\/wp-json\/wp\/v2\/types\/post"}],"author":[{"embeddable":true,"href":"https:\/\/projectes.xtec.cat\/xarxadults\/wp-json\/wp\/v2\/users\/362"}],"replies":[{"embeddable":true,"href":"https:\/\/projectes.xtec.cat\/xarxadults\/wp-json\/wp\/v2\/comments?post=14861"}],"version-history":[{"count":3,"href":"https:\/\/projectes.xtec.cat\/xarxadults\/wp-json\/wp\/v2\/posts\/14861\/revisions"}],"predecessor-version":[{"id":14865,"href":"https:\/\/projectes.xtec.cat\/xarxadults\/wp-json\/wp\/v2\/posts\/14861\/revisions\/14865"}],"wp:featuredmedia":[{"embeddable":true,"href":"https:\/\/projectes.xtec.cat\/xarxadults\/wp-json\/wp\/v2\/media\/14864"}],"wp:attachment":[{"href":"https:\/\/projectes.xtec.cat\/xarxadults\/wp-json\/wp\/v2\/media?parent=14861"}],"wp:term":[{"taxonomy":"category","embeddable":true,"href":"https:\/\/projectes.xtec.cat\/xarxadults\/wp-json\/wp\/v2\/categories?post=14861"},{"taxonomy":"post_tag","embeddable":true,"href":"https:\/\/projectes.xtec.cat\/xarxadults\/wp-json\/wp\/v2\/tags?post=14861"}],"curies":[{"name":"wp","href":"https:\/\/api.w.org\/{rel}","templated":true}]}}