{"id":14873,"date":"2025-06-23T09:28:32","date_gmt":"2025-06-23T07:28:32","guid":{"rendered":"https:\/\/projectes.xtec.cat\/xarxadults\/?p=14873"},"modified":"2025-06-23T09:45:33","modified_gmt":"2025-06-23T07:45:33","slug":"mobilitat-erasmuska122-adu-2024-1-eso1-ka122-adu-000228454-a-turquia","status":"publish","type":"post","link":"https:\/\/projectes.xtec.cat\/xarxadults\/portada\/mobilitat-erasmuska122-adu-2024-1-eso1-ka122-adu-000228454-a-turquia\/","title":{"rendered":"Mobilitat Erasmus+KA122-ADU 2024-1-ESO1-KA122-ADU-000228454 a Turquia"},"content":{"rendered":"<p data-start=\"376\" data-end=\"793\">Del 16 al 20 de juny de 2025, tres membres del Servei d&#8217;Educaci\u00f3 de Persones Adultes van participar en una mobilitat formativa a Turquia, en el marc del projecte Erasmus+ KA122-ADU 2024-1-ESO1-KA122-ADU-000228454. Aquesta activitat va tenir lloc a la pres\u00f3 de Fo\u00e7a, situada a la prov\u00edncia d\u2019Esmirna, i va oferir una oportunitat \u00fanica d&#8217;intercanvi de bones pr\u00e0ctiques en l\u2019\u00e0mbit de l\u2019educaci\u00f3 en centres penitenciaris.<\/p>\n<h3 data-start=\"795\" data-end=\"839\"><strong data-start=\"799\" data-end=\"839\">Un context d\u2019aprenentatge enriquidor<\/strong><\/h3>\n<p data-start=\"841\" data-end=\"1108\">Durant cinc dies, el personal participant va tenir l&#8217;oportunitat d&#8217;observar de primera m\u00e0 el funcionament del sistema educatiu a la pres\u00f3 turca, especialment pel que fa a la formaci\u00f3 de persones adultes privades de llibertat. Es van realitzar diverses activitats com:<\/p>\n<ul data-start=\"1110\" data-end=\"1471\">\n<li data-start=\"1110\" data-end=\"1163\">\n<p data-start=\"1112\" data-end=\"1163\">Observaci\u00f3 directa de sessions formatives a l\u2019aula.<\/p>\n<\/li>\n<li data-start=\"1164\" data-end=\"1265\">\n<p data-start=\"1166\" data-end=\"1265\">Trobades amb professionals del centre penitenciari: docents, personal de seguretat i psicopedagogs.<\/p>\n<\/li>\n<li data-start=\"1266\" data-end=\"1385\">\n<p data-start=\"1268\" data-end=\"1385\">Intercanvi d\u2019experi\u00e8ncies amb altres centres educatius implicats en l\u2019educaci\u00f3 en contextos de privaci\u00f3 de llibertat.<\/p>\n<\/li>\n<li data-start=\"1386\" data-end=\"1471\">\n<p data-start=\"1388\" data-end=\"1471\">An\u00e0lisi comparativa dels models d\u2019intervenci\u00f3 socioeducativa a Turquia i a Catalunya.<\/p>\n<\/li>\n<\/ul>\n<h3 data-start=\"1473\" data-end=\"1517\"><strong data-start=\"1477\" data-end=\"1517\">Aprenentatges clau i impacte esperat<\/strong><\/h3>\n<p data-start=\"1519\" data-end=\"1563\">Aquesta mobilitat ha perm\u00e8s al nostre equip:<\/p>\n<ul data-start=\"1565\" data-end=\"1866\">\n<li data-start=\"1565\" data-end=\"1645\">\n<p data-start=\"1567\" data-end=\"1645\">Ampliar la visi\u00f3 sobre el paper de l\u2019educaci\u00f3 com a eina de reinserci\u00f3 social.<\/p>\n<\/li>\n<li data-start=\"1646\" data-end=\"1713\">\n<p data-start=\"1648\" data-end=\"1713\">Incorporar metodologies innovadores aplicables al nostre context.<\/p>\n<\/li>\n<li data-start=\"1714\" data-end=\"1774\">\n<p data-start=\"1716\" data-end=\"1774\">Refor\u00e7ar la dimensi\u00f3 europea del nostre projecte educatiu.<\/p>\n<\/li>\n<li data-start=\"1775\" data-end=\"1866\">\n<p data-start=\"1777\" data-end=\"1866\">Establir vincles amb altres professionals implicats en l\u2019educaci\u00f3 penitenci\u00e0ria.<\/p>\n<\/li>\n<\/ul>\n<p data-start=\"1868\" data-end=\"2018\">A m\u00e9s, aquesta experi\u00e8ncia forma part d\u2019un proc\u00e9s m\u00e9s ampli de millora cont\u00ednua i internacionalitzaci\u00f3 dins del marc de l\u2019Erasmus+.<\/p>\n<p data-start=\"2081\" data-end=\"2400\">Des del Servei d\u2019Educaci\u00f3 de Persones Adultes, valorem molt positivament la participaci\u00f3 en aquest tipus de mobilitats. Considerem que l\u2019educaci\u00f3 en contextos vulnerables ha de ser una prioritat i que, a trav\u00e9s d\u2019aquests intercanvis, podem enriquir la nostra pr\u00e0ctica i contribuir a una societat m\u00e9s justa i equitativa.<\/p>\n<p data-start=\"2081\" data-end=\"2400\">Volem expressar el nostre sincer agra\u00efment a totes les persones que ens van acollir a la pres\u00f3 de Fo\u00e7a: a l\u2019equip educatiu i al personal del centre, per la seva disponibilitat.<\/p>\n<p data-start=\"2081\" data-end=\"2400\"><a href=\"https:\/\/projectes.xtec.cat\/xarxadults\/wp-content\/uploads\/usu1741\/2025\/06\/IMG-20250617-WA0025.jpg\"><img loading=\"lazy\" decoding=\"async\" class=\"wp-image-14874 aligncenter\" src=\"https:\/\/projectes.xtec.cat\/xarxadults\/wp-content\/uploads\/usu1741\/2025\/06\/IMG-20250617-WA0025-1024x768.jpg\" alt=\"\" width=\"501\" height=\"376\" srcset=\"https:\/\/projectes.xtec.cat\/xarxadults\/wp-content\/uploads\/usu1741\/2025\/06\/IMG-20250617-WA0025-1024x768.jpg 1024w, https:\/\/projectes.xtec.cat\/xarxadults\/wp-content\/uploads\/usu1741\/2025\/06\/IMG-20250617-WA0025-300x225.jpg 300w, https:\/\/projectes.xtec.cat\/xarxadults\/wp-content\/uploads\/usu1741\/2025\/06\/IMG-20250617-WA0025-768x576.jpg 768w, https:\/\/projectes.xtec.cat\/xarxadults\/wp-content\/uploads\/usu1741\/2025\/06\/IMG-20250617-WA0025-1536x1152.jpg 1536w, https:\/\/projectes.xtec.cat\/xarxadults\/wp-content\/uploads\/usu1741\/2025\/06\/IMG-20250617-WA0025-200x150.jpg 200w, https:\/\/projectes.xtec.cat\/xarxadults\/wp-content\/uploads\/usu1741\/2025\/06\/IMG-20250617-WA0025.jpg 1600w\" sizes=\"auto, (max-width: 501px) 100vw, 501px\" \/><\/a><\/p>\n","protected":false},"excerpt":{"rendered":"<p>Del 16 al 20 de juny de 2025, tres membres del Servei d&#8217;Educaci\u00f3 de Persones Adultes van participar en una mobilitat formativa a Turquia, en el marc del projecte Erasmus+ KA122-ADU 2024-1-ESO1-KA122-ADU-000228454. Aquesta activitat va tenir lloc a la pres\u00f3 de Fo\u00e7a, situada a la&hellip;  <a href=\"https:\/\/projectes.xtec.cat\/xarxadults\/portada\/mobilitat-erasmuska122-adu-2024-1-eso1-ka122-adu-000228454-a-turquia\/\" title=\"Read Mobilitat Erasmus+KA122-ADU 2024-1-ESO1-KA122-ADU-000228454 a Turquia\">Llegeix m\u00e9s\u00bb<\/a><\/p>\n","protected":false},"author":362,"featured_media":14874,"comment_status":"closed","ping_status":"closed","sticky":false,"template":"","format":"standard","meta":{"_bbp_topic_count":0,"_bbp_reply_count":0,"_bbp_total_topic_count":0,"_bbp_total_reply_count":0,"_bbp_voice_count":0,"_bbp_anonymous_reply_count":0,"_bbp_topic_count_hidden":0,"_bbp_reply_count_hidden":0,"_bbp_forum_subforum_count":0,"footnotes":""},"categories":[317,29,64],"tags":[432,382,437],"class_list":["post-14873","post","type-post","status-publish","format-standard","has-post-thumbnail","hentry","category-dinamitzacio","category-portada","category-trobades","tag-formacio-adults","tag-trobades","tag-xarxa-docents"],"post_mailing_queue_ids":[],"_links":{"self":[{"href":"https:\/\/projectes.xtec.cat\/xarxadults\/wp-json\/wp\/v2\/posts\/14873","targetHints":{"allow":["GET"]}}],"collection":[{"href":"https:\/\/projectes.xtec.cat\/xarxadults\/wp-json\/wp\/v2\/posts"}],"about":[{"href":"https:\/\/projectes.xtec.cat\/xarxadults\/wp-json\/wp\/v2\/types\/post"}],"author":[{"embeddable":true,"href":"https:\/\/projectes.xtec.cat\/xarxadults\/wp-json\/wp\/v2\/users\/362"}],"replies":[{"embeddable":true,"href":"https:\/\/projectes.xtec.cat\/xarxadults\/wp-json\/wp\/v2\/comments?post=14873"}],"version-history":[{"count":4,"href":"https:\/\/projectes.xtec.cat\/xarxadults\/wp-json\/wp\/v2\/posts\/14873\/revisions"}],"predecessor-version":[{"id":14878,"href":"https:\/\/projectes.xtec.cat\/xarxadults\/wp-json\/wp\/v2\/posts\/14873\/revisions\/14878"}],"wp:featuredmedia":[{"embeddable":true,"href":"https:\/\/projectes.xtec.cat\/xarxadults\/wp-json\/wp\/v2\/media\/14874"}],"wp:attachment":[{"href":"https:\/\/projectes.xtec.cat\/xarxadults\/wp-json\/wp\/v2\/media?parent=14873"}],"wp:term":[{"taxonomy":"category","embeddable":true,"href":"https:\/\/projectes.xtec.cat\/xarxadults\/wp-json\/wp\/v2\/categories?post=14873"},{"taxonomy":"post_tag","embeddable":true,"href":"https:\/\/projectes.xtec.cat\/xarxadults\/wp-json\/wp\/v2\/tags?post=14873"}],"curies":[{"name":"wp","href":"https:\/\/api.w.org\/{rel}","templated":true}]}}