{"id":9846,"date":"2019-02-14T13:01:28","date_gmt":"2019-02-14T12:01:28","guid":{"rendered":"http:\/\/projectes.xtec.cat\/xarxadults\/?p=9846"},"modified":"2021-02-04T12:54:17","modified_gmt":"2021-02-04T11:54:17","slug":"repensant-leducacio-avui-compartim-i-construim-el-canvi-educatiu","status":"publish","type":"post","link":"https:\/\/projectes.xtec.cat\/xarxadults\/xx\/repensant-leducacio-avui-compartim-i-construim-el-canvi-educatiu\/","title":{"rendered":"Repensant l\u2019educaci\u00f3 avui. Compartim i constru\u00efm el canvi educatiu"},"content":{"rendered":"<p style=\"text-align: justify;\"><strong><a href=\"https:\/\/projectes.xtec.cat\/xarxadults\/wp-content\/uploads\/usu1741\/2019\/02\/portada.fw_.png\"><img loading=\"lazy\" decoding=\"async\" class=\"alignleft wp-image-9847 size-medium\" src=\"https:\/\/projectes.xtec.cat\/xarxadults\/wp-content\/uploads\/usu1741\/2019\/02\/portada.fw_-300x165.png\" alt=\"Infografia amb el t\u00edtol: repensant l'educaci\u00f3 avui. Compartim i constru\u00efm el canvi educatiu\" width=\"300\" height=\"165\" srcset=\"https:\/\/projectes.xtec.cat\/xarxadults\/wp-content\/uploads\/usu1741\/2019\/02\/portada.fw_-300x165.png 300w, https:\/\/projectes.xtec.cat\/xarxadults\/wp-content\/uploads\/usu1741\/2019\/02\/portada.fw_-768x423.png 768w, https:\/\/projectes.xtec.cat\/xarxadults\/wp-content\/uploads\/usu1741\/2019\/02\/portada.fw_-1024x564.png 1024w, https:\/\/projectes.xtec.cat\/xarxadults\/wp-content\/uploads\/usu1741\/2019\/02\/portada.fw_.png 1105w\" sizes=\"auto, (max-width: 300px) 100vw, 300px\" \/><\/a>Com s&#8217;ha d&#8217;entendre la innovaci\u00f3 educativa?<\/strong> Us recomanem de manera especial la lectura d&#8217;aquest <a href=\"https:\/\/drive.google.com\/file\/d\/11WIdRuBSoGK6FIAX5lTqFxjN5-XwJuke\/view?usp=sharing\" target=\"_blank\" rel=\"noopener noreferrer\">article<\/a>, on s&#8217;exposen de forma clara tots aquells elements que cal tenir en compte a l&#8217;hora d&#8217;identificar i entendre la innovaci\u00f3 en l&#8217;\u00e0mbit educatiu. La innovaci\u00f3 no \u00e9s una experi\u00e8ncia a\u00efllada, un model tancat d\u2019actuaci\u00f3 predefinida, sin\u00f3\u00a0un conjunt d\u2019experi\u00e8ncies consensuades, gestionades de forma col\u00b7laborativa des de diferents \u00e0mbits organitzatius, que tenen com a finalitat planificar les accions educatives en un territori, amb la col\u00b7laboraci\u00f3 dels agents socials locals. En aquest sentit, la paraula clau \u00e9s <strong>corresponsablitat.<\/strong><\/p>\n","protected":false},"excerpt":{"rendered":"<p><a href=\"https:\/\/projectes.xtec.cat\/xarxadults\/wp-content\/uploads\/usu1741\/2019\/02\/portada.fw_.png\"><\/a>Com s&#8217;ha d&#8217;entendre la innovaci\u00f3 educativa? Us recomanem de manera especial la lectura d&#8217;aquest <a href=\"https:\/\/drive.google.com\/file\/d\/11WIdRuBSoGK6FIAX5lTqFxjN5-XwJuke\/view?usp=sharing\" target=\"_blank\" rel=\"noopener noreferrer\">article<\/a>, on s&#8217;exposen de forma clara tots aquells elements que cal tenir en compte a l&#8217;hora d&#8217;identificar i entendre la innovaci\u00f3 en l&#8217;\u00e0mbit educatiu. La innovaci\u00f3&hellip;  <a href=\"https:\/\/projectes.xtec.cat\/xarxadults\/xx\/repensant-leducacio-avui-compartim-i-construim-el-canvi-educatiu\/\" title=\"Read Repensant l\u2019educaci\u00f3 avui. Compartim i constru\u00efm el canvi educatiu\">Llegeix m\u00e9s\u00bb<\/a><\/p>\n","protected":false},"author":3,"featured_media":9847,"comment_status":"open","ping_status":"closed","sticky":false,"template":"","format":"standard","meta":{"_bbp_topic_count":0,"_bbp_reply_count":0,"_bbp_total_topic_count":0,"_bbp_total_reply_count":0,"_bbp_voice_count":0,"_bbp_anonymous_reply_count":0,"_bbp_topic_count_hidden":0,"_bbp_reply_count_hidden":0,"_bbp_forum_subforum_count":0,"footnotes":""},"categories":[317,1,29,64],"tags":[],"class_list":["post-9846","post","type-post","status-publish","format-standard","has-post-thumbnail","hentry","category-dinamitzacio","category-xx","category-portada","category-trobades"],"post_mailing_queue_ids":[],"_links":{"self":[{"href":"https:\/\/projectes.xtec.cat\/xarxadults\/wp-json\/wp\/v2\/posts\/9846","targetHints":{"allow":["GET"]}}],"collection":[{"href":"https:\/\/projectes.xtec.cat\/xarxadults\/wp-json\/wp\/v2\/posts"}],"about":[{"href":"https:\/\/projectes.xtec.cat\/xarxadults\/wp-json\/wp\/v2\/types\/post"}],"author":[{"embeddable":true,"href":"https:\/\/projectes.xtec.cat\/xarxadults\/wp-json\/wp\/v2\/users\/3"}],"replies":[{"embeddable":true,"href":"https:\/\/projectes.xtec.cat\/xarxadults\/wp-json\/wp\/v2\/comments?post=9846"}],"version-history":[{"count":3,"href":"https:\/\/projectes.xtec.cat\/xarxadults\/wp-json\/wp\/v2\/posts\/9846\/revisions"}],"predecessor-version":[{"id":12096,"href":"https:\/\/projectes.xtec.cat\/xarxadults\/wp-json\/wp\/v2\/posts\/9846\/revisions\/12096"}],"wp:featuredmedia":[{"embeddable":true,"href":"https:\/\/projectes.xtec.cat\/xarxadults\/wp-json\/wp\/v2\/media\/9847"}],"wp:attachment":[{"href":"https:\/\/projectes.xtec.cat\/xarxadults\/wp-json\/wp\/v2\/media?parent=9846"}],"wp:term":[{"taxonomy":"category","embeddable":true,"href":"https:\/\/projectes.xtec.cat\/xarxadults\/wp-json\/wp\/v2\/categories?post=9846"},{"taxonomy":"post_tag","embeddable":true,"href":"https:\/\/projectes.xtec.cat\/xarxadults\/wp-json\/wp\/v2\/tags?post=9846"}],"curies":[{"name":"wp","href":"https:\/\/api.w.org\/{rel}","templated":true}]}}