{"id":8236,"date":"2019-10-17T13:54:16","date_gmt":"2019-10-17T11:54:16","guid":{"rendered":"https:\/\/projectes.xtec.cat\/xtcd\/?p=8236"},"modified":"2024-01-14T16:23:51","modified_gmt":"2024-01-14T15:23:51","slug":"oferta-formativa-cultura-digital","status":"publish","type":"post","link":"https:\/\/projectes.xtec.cat\/xtcd\/general\/oferta-formativa-cultura-digital\/","title":{"rendered":"Oferta formativa &#8211; Cultura Digital"},"content":{"rendered":"<p><a href=\"https:\/\/projectes.xtec.cat\/xtcd\/wp-content\/uploads\/usu1403\/2019\/10\/actualitat-553x553-oferta-formativa-consulta-adjudicacions-2019-2020.png_2147148254.png\"><img loading=\"lazy\" decoding=\"async\" class=\"size-full wp-image-8237 alignleft\" src=\"https:\/\/projectes.xtec.cat\/xtcd\/wp-content\/uploads\/usu1403\/2019\/10\/actualitat-553x553-oferta-formativa-consulta-adjudicacions-2019-2020.png_2147148254.png\" alt=\"\" width=\"271\" height=\"271\" srcset=\"https:\/\/projectes.xtec.cat\/xtcd\/wp-content\/uploads\/usu1403\/2019\/10\/actualitat-553x553-oferta-formativa-consulta-adjudicacions-2019-2020.png_2147148254.png 271w, https:\/\/projectes.xtec.cat\/xtcd\/wp-content\/uploads\/usu1403\/2019\/10\/actualitat-553x553-oferta-formativa-consulta-adjudicacions-2019-2020.png_2147148254-150x150.png 150w\" sizes=\"auto, (max-width: 271px) 100vw, 271px\" \/><\/a><\/p>\n<p>Activitats de formaci\u00f3 adre\u00e7ades a docents per donar resposta als interessos i les necessitats derivades de la integraci\u00f3 de les tecnologies digitals a l&#8217;educaci\u00f3 en totes les etapes educatives.<\/p>\n<p>L&#8217;objectiu de les accions formatives i de suport organitzades per l&#8217;\u00c0rea de Cultura digital \u00e9s garantir la millora dels resultats educatius de l&#8217;alumnat, i en particular, l&#8217;assoliment de la compet\u00e8ncia digital, tant de l&#8217;alumnat com del professorat. Paral\u00b7lelament els docents, a partir de la superaci\u00f3 dels cursos i de l\u2019acreditaci\u00f3 de l\u2019experi\u00e8ncia en projectes d\u2019innovaci\u00f3 en cultura digital i altres activitats podran acreditar el perfil professional\u00a0<em><a href=\"http:\/\/ensenyament.gencat.cat\/ca\/arees-actuacio\/professors\/acreditacions\/perfils-professionals\/\" target=\"_blank\" rel=\"noopener noreferrer\">Compet\u00e8ncia digital docent<\/a>.\u00a0 <\/em>L&#8217;oferta formativa consta de diverses modalitats.<\/p>\n<p><a href=\"http:\/\/xtec.gencat.cat\/ca\/formacio\/formaciogeneralprofessorat\/cultura-digital\/\" target=\"_blank\" rel=\"noopener noreferrer\">http:\/\/xtec.gencat.cat\/ca\/formacio\/formaciogeneralprofessorat\/cultura-digital\/<\/a><\/p>\n","protected":false},"excerpt":{"rendered":"<p>Activitats de formaci\u00f3 adre\u00e7ades a docents per donar resposta als interessos i les necessitats derivades de la integraci\u00f3 de les tecnologies digitals a l&#8217;educaci\u00f3 en totes les etapes educatives. L&#8217;objectiu de les accions formatives i de suport organitzades per l&#8217;\u00c0rea de Cultura digital \u00e9s garantir la millora dels resultats educatius de l&#8217;alumnat, i en particular, [&hellip;]<\/p>\n","protected":false},"author":1,"featured_media":8237,"comment_status":"closed","ping_status":"closed","sticky":false,"template":"","format":"standard","meta":{"site-sidebar-layout":"default","site-content-layout":"","ast-site-content-layout":"","site-content-style":"default","site-sidebar-style":"default","ast-global-header-display":"","ast-banner-title-visibility":"","ast-main-header-display":"","ast-hfb-above-header-display":"","ast-hfb-below-header-display":"","ast-hfb-mobile-header-display":"","site-post-title":"","ast-breadcrumbs-content":"","ast-featured-img":"","footer-sml-layout":"","theme-transparent-header-meta":"","adv-header-id-meta":"","stick-header-meta":"","header-above-stick-meta":"","header-main-stick-meta":"","header-below-stick-meta":"","astra-migrate-meta-layouts":"default","ast-page-background-enabled":"default","ast-page-background-meta":{"desktop":{"background-color":"","background-image":"","background-repeat":"repeat","background-position":"center center","background-size":"auto","background-attachment":"scroll","background-type":"","background-media":"","overlay-type":"","overlay-color":"","overlay-opacity":"","overlay-gradient":""},"tablet":{"background-color":"","background-image":"","background-repeat":"repeat","background-position":"center center","background-size":"auto","background-attachment":"scroll","background-type":"","background-media":"","overlay-type":"","overlay-color":"","overlay-opacity":"","overlay-gradient":""},"mobile":{"background-color":"","background-image":"","background-repeat":"repeat","background-position":"center center","background-size":"auto","background-attachment":"scroll","background-type":"","background-media":"","overlay-type":"","overlay-color":"","overlay-opacity":"","overlay-gradient":""}},"ast-content-background-meta":{"desktop":{"background-color":"var(--ast-global-color-5)","background-image":"","background-repeat":"repeat","background-position":"center center","background-size":"auto","background-attachment":"scroll","background-type":"","background-media":"","overlay-type":"","overlay-color":"","overlay-opacity":"","overlay-gradient":""},"tablet":{"background-color":"var(--ast-global-color-5)","background-image":"","background-repeat":"repeat","background-position":"center center","background-size":"auto","background-attachment":"scroll","background-type":"","background-media":"","overlay-type":"","overlay-color":"","overlay-opacity":"","overlay-gradient":""},"mobile":{"background-color":"var(--ast-global-color-5)","background-image":"","background-repeat":"repeat","background-position":"center center","background-size":"auto","background-attachment":"scroll","background-type":"","background-media":"","overlay-type":"","overlay-color":"","overlay-opacity":"","overlay-gradient":""}},"footnotes":""},"categories":[154,1,29],"tags":[285,289],"class_list":["post-8236","post","type-post","status-publish","format-standard","has-post-thumbnail","hentry","category-formacio","category-general","category-portada","tag-sessio1_1920","tag-formacio"],"_links":{"self":[{"href":"https:\/\/projectes.xtec.cat\/xtcd\/wp-json\/wp\/v2\/posts\/8236","targetHints":{"allow":["GET"]}}],"collection":[{"href":"https:\/\/projectes.xtec.cat\/xtcd\/wp-json\/wp\/v2\/posts"}],"about":[{"href":"https:\/\/projectes.xtec.cat\/xtcd\/wp-json\/wp\/v2\/types\/post"}],"author":[{"embeddable":true,"href":"https:\/\/projectes.xtec.cat\/xtcd\/wp-json\/wp\/v2\/users\/1"}],"replies":[{"embeddable":true,"href":"https:\/\/projectes.xtec.cat\/xtcd\/wp-json\/wp\/v2\/comments?post=8236"}],"version-history":[{"count":1,"href":"https:\/\/projectes.xtec.cat\/xtcd\/wp-json\/wp\/v2\/posts\/8236\/revisions"}],"predecessor-version":[{"id":8238,"href":"https:\/\/projectes.xtec.cat\/xtcd\/wp-json\/wp\/v2\/posts\/8236\/revisions\/8238"}],"wp:featuredmedia":[{"embeddable":true,"href":"https:\/\/projectes.xtec.cat\/xtcd\/wp-json\/wp\/v2\/media\/8237"}],"wp:attachment":[{"href":"https:\/\/projectes.xtec.cat\/xtcd\/wp-json\/wp\/v2\/media?parent=8236"}],"wp:term":[{"taxonomy":"category","embeddable":true,"href":"https:\/\/projectes.xtec.cat\/xtcd\/wp-json\/wp\/v2\/categories?post=8236"},{"taxonomy":"post_tag","embeddable":true,"href":"https:\/\/projectes.xtec.cat\/xtcd\/wp-json\/wp\/v2\/tags?post=8236"}],"curies":[{"name":"wp","href":"https:\/\/api.w.org\/{rel}","templated":true}]}}