{"id":8520,"date":"2019-12-20T16:27:26","date_gmt":"2019-12-20T15:27:26","guid":{"rendered":"https:\/\/projectes.xtec.cat\/xtcd\/?p=8520"},"modified":"2024-01-14T16:23:50","modified_gmt":"2024-01-14T15:23:50","slug":"bases-mobile-learning-awards","status":"publish","type":"post","link":"https:\/\/projectes.xtec.cat\/xtcd\/portada\/bases-mobile-learning-awards\/","title":{"rendered":"Bases Mobile Learning Awards"},"content":{"rendered":"<p><strong><a href=\"https:\/\/projectes.xtec.cat\/xtcd\/wp-content\/uploads\/usu1403\/2019\/12\/mobile.jpg\"><img loading=\"lazy\" decoding=\"async\" class=\"alignleft wp-image-8521 size-full\" src=\"https:\/\/projectes.xtec.cat\/xtcd\/wp-content\/uploads\/usu1403\/2019\/12\/mobile.jpg\" alt=\"\" width=\"450\" height=\"202\" \/><\/a><\/strong><strong>Mobile Learning Awards\u00a0<\/strong><strong>mSchools Mobile Learning Awards<\/strong>\u00a0\u00e9s un concurs i cerim\u00f2nia de lliurament de premis que reconeix els projectes creats per docents i escoles de Catalunya en l\u2019\u00e0mbit de la transformaci\u00f3 de l\u2019educaci\u00f3 mitjan\u00e7ant l\u2019\u00fas de les tecnologies digitals.<\/p>\n<p>La cerim\u00f2nia de la setena edici\u00f3 dels Mobile Learning Awards\u00a0se celebrar\u00e0 el\u00a0<strong>27 de febrer de 2020,<\/strong>\u00a0dins el marc de l\u2019esdeveniment anual m\u00e9s important de la ind\u00fastria m\u00f2bil, el\u00a0<strong>MWC Barcelona.<\/strong><\/p>\n<p><strong>Modalitat: Millors experi\u00e8ncies d\u2019aula amb tecnologies digitals<\/strong><\/p>\n<p><strong><a href=\"http:\/\/xtec.gencat.cat\/ca\/centres\/alscentres\/premis\/concursos_mschools\/mobilelearningawards\/2020\/\">Informaci\u00f3 i inscripcions<\/a><\/strong><\/p>\n","protected":false},"excerpt":{"rendered":"<p>Mobile Learning Awards\u00a0mSchools Mobile Learning Awards\u00a0\u00e9s un concurs i cerim\u00f2nia de lliurament de premis que reconeix els projectes creats per docents i escoles de Catalunya en l\u2019\u00e0mbit de la transformaci\u00f3 de l\u2019educaci\u00f3 mitjan\u00e7ant l\u2019\u00fas de les tecnologies digitals. La cerim\u00f2nia de la setena edici\u00f3 dels Mobile Learning Awards\u00a0se celebrar\u00e0 el\u00a027 de febrer de 2020,\u00a0dins el [&hellip;]<\/p>\n","protected":false},"author":1,"featured_media":8521,"comment_status":"closed","ping_status":"closed","sticky":false,"template":"","format":"standard","meta":{"site-sidebar-layout":"default","site-content-layout":"","ast-site-content-layout":"","site-content-style":"default","site-sidebar-style":"default","ast-global-header-display":"","ast-banner-title-visibility":"","ast-main-header-display":"","ast-hfb-above-header-display":"","ast-hfb-below-header-display":"","ast-hfb-mobile-header-display":"","site-post-title":"","ast-breadcrumbs-content":"","ast-featured-img":"","footer-sml-layout":"","theme-transparent-header-meta":"","adv-header-id-meta":"","stick-header-meta":"","header-above-stick-meta":"","header-main-stick-meta":"","header-below-stick-meta":"","astra-migrate-meta-layouts":"default","ast-page-background-enabled":"default","ast-page-background-meta":{"desktop":{"background-color":"","background-image":"","background-repeat":"repeat","background-position":"center center","background-size":"auto","background-attachment":"scroll","background-type":"","background-media":"","overlay-type":"","overlay-color":"","overlay-opacity":"","overlay-gradient":""},"tablet":{"background-color":"","background-image":"","background-repeat":"repeat","background-position":"center center","background-size":"auto","background-attachment":"scroll","background-type":"","background-media":"","overlay-type":"","overlay-color":"","overlay-opacity":"","overlay-gradient":""},"mobile":{"background-color":"","background-image":"","background-repeat":"repeat","background-position":"center center","background-size":"auto","background-attachment":"scroll","background-type":"","background-media":"","overlay-type":"","overlay-color":"","overlay-opacity":"","overlay-gradient":""}},"ast-content-background-meta":{"desktop":{"background-color":"var(--ast-global-color-5)","background-image":"","background-repeat":"repeat","background-position":"center center","background-size":"auto","background-attachment":"scroll","background-type":"","background-media":"","overlay-type":"","overlay-color":"","overlay-opacity":"","overlay-gradient":""},"tablet":{"background-color":"var(--ast-global-color-5)","background-image":"","background-repeat":"repeat","background-position":"center center","background-size":"auto","background-attachment":"scroll","background-type":"","background-media":"","overlay-type":"","overlay-color":"","overlay-opacity":"","overlay-gradient":""},"mobile":{"background-color":"var(--ast-global-color-5)","background-image":"","background-repeat":"repeat","background-position":"center center","background-size":"auto","background-attachment":"scroll","background-type":"","background-media":"","overlay-type":"","overlay-color":"","overlay-opacity":"","overlay-gradient":""}},"footnotes":""},"categories":[66,29],"tags":[316,293,297,303],"class_list":["post-8520","post","type-post","status-publish","format-standard","has-post-thumbnail","hentry","category-dinamitzacio","category-portada","tag-sessio3_1920","tag-innovacio","tag-mobils","tag-premis"],"_links":{"self":[{"href":"https:\/\/projectes.xtec.cat\/xtcd\/wp-json\/wp\/v2\/posts\/8520","targetHints":{"allow":["GET"]}}],"collection":[{"href":"https:\/\/projectes.xtec.cat\/xtcd\/wp-json\/wp\/v2\/posts"}],"about":[{"href":"https:\/\/projectes.xtec.cat\/xtcd\/wp-json\/wp\/v2\/types\/post"}],"author":[{"embeddable":true,"href":"https:\/\/projectes.xtec.cat\/xtcd\/wp-json\/wp\/v2\/users\/1"}],"replies":[{"embeddable":true,"href":"https:\/\/projectes.xtec.cat\/xtcd\/wp-json\/wp\/v2\/comments?post=8520"}],"version-history":[{"count":3,"href":"https:\/\/projectes.xtec.cat\/xtcd\/wp-json\/wp\/v2\/posts\/8520\/revisions"}],"predecessor-version":[{"id":8530,"href":"https:\/\/projectes.xtec.cat\/xtcd\/wp-json\/wp\/v2\/posts\/8520\/revisions\/8530"}],"wp:featuredmedia":[{"embeddable":true,"href":"https:\/\/projectes.xtec.cat\/xtcd\/wp-json\/wp\/v2\/media\/8521"}],"wp:attachment":[{"href":"https:\/\/projectes.xtec.cat\/xtcd\/wp-json\/wp\/v2\/media?parent=8520"}],"wp:term":[{"taxonomy":"category","embeddable":true,"href":"https:\/\/projectes.xtec.cat\/xtcd\/wp-json\/wp\/v2\/categories?post=8520"},{"taxonomy":"post_tag","embeddable":true,"href":"https:\/\/projectes.xtec.cat\/xtcd\/wp-json\/wp\/v2\/tags?post=8520"}],"curies":[{"name":"wp","href":"https:\/\/api.w.org\/{rel}","templated":true}]}}