{"id":8649,"date":"2020-02-17T10:26:59","date_gmt":"2020-02-17T09:26:59","guid":{"rendered":"https:\/\/projectes.xtec.cat\/xtcd\/?p=8649"},"modified":"2024-01-14T16:23:49","modified_gmt":"2024-01-14T15:23:49","slug":"jornada-programa-programacio-i-robotica-educatives","status":"publish","type":"post","link":"https:\/\/projectes.xtec.cat\/xtcd\/general\/jornada-programa-programacio-i-robotica-educatives\/","title":{"rendered":"Jornada Programa. Programaci\u00f3 i rob\u00f2tica educatives"},"content":{"rendered":"<p><a href=\"https:\/\/projectes.xtec.cat\/xtcd\/wp-content\/uploads\/usu1403\/2020\/02\/jornada-programa.png\"><img loading=\"lazy\" decoding=\"async\" class=\"alignleft size-medium wp-image-8651\" src=\"https:\/\/projectes.xtec.cat\/xtcd\/wp-content\/uploads\/usu1403\/2020\/02\/jornada-programa-300x172.png\" alt=\"\" width=\"300\" height=\"172\" srcset=\"https:\/\/projectes.xtec.cat\/xtcd\/wp-content\/uploads\/usu1403\/2020\/02\/jornada-programa-300x172.png 300w, https:\/\/projectes.xtec.cat\/xtcd\/wp-content\/uploads\/usu1403\/2020\/02\/jornada-programa.png 421w\" sizes=\"auto, (max-width: 300px) 100vw, 300px\" \/><\/a>El dia\u00a0<strong>23 de maig de 2020<\/strong>\u00a0se celebrar\u00e0 la\u00a0<strong>dotzena edici\u00f3<\/strong>\u00a0de la\u00a0<strong>Jornada Programa<\/strong>, dedicada a l\u2019intercanvi d\u2019experi\u00e8ncies did\u00e0ctiques on s\u2019empren entorns de programaci\u00f3 i de rob\u00f2tica educatives.<\/p>\n<p>Aquesta trobada est\u00e0 especialment adre\u00e7ada als docents de\u00a0prim\u00e0ria i de secund\u00e0ria interessats en l\u2019\u00fas de la programaci\u00f3 i la rob\u00f2tica en els seus entorns d\u2019aula, per\u00f2 tamb\u00e9 est\u00e0 oberta a altres professionals interessats en la tem\u00e0tica. Tanmateix, des de fa uns anys, tamb\u00e9 hi participen alumnes, acompanyats pels seus professors, en la mostra de treballs realitzats per l\u2019alumnat.<\/p>\n<p>La Jornada de programaci\u00f3 i rob\u00f2tica educatives es duu a terme, des de la seva primera edici\u00f3, emmarcada dins del Dia Internacional d\u2019Internet, el\u00a0<a href=\"https:\/\/day.scratch.mit.edu\/events\/7697\" target=\"_blank\" rel=\"noopener noreferrer\">Dia Internacional de l\u2019Scratch<\/a>\u00a0i, darrerament, la\u00a0<a href=\"https:\/\/codeweek.eu\/view\/209011\/xi-jornada-de-programacio-i-robotica-educatives\" target=\"_blank\" rel=\"noopener noreferrer\">Europe Code Week<\/a>.<\/p>\n<p>Informaci\u00f3 completa a &#8211; <a href=\"https:\/\/blocs.xtec.cat\/jornadaprograma\" target=\"_blank\" rel=\"noopener noreferrer\">https:\/\/blocs.xtec.cat\/jornadaprograma<\/a><\/p>\n","protected":false},"excerpt":{"rendered":"<p>El dia\u00a023 de maig de 2020\u00a0se celebrar\u00e0 la\u00a0dotzena edici\u00f3\u00a0de la\u00a0Jornada Programa, dedicada a l\u2019intercanvi d\u2019experi\u00e8ncies did\u00e0ctiques on s\u2019empren entorns de programaci\u00f3 i de rob\u00f2tica educatives. Aquesta trobada est\u00e0 especialment adre\u00e7ada als docents de\u00a0prim\u00e0ria i de secund\u00e0ria interessats en l\u2019\u00fas de la programaci\u00f3 i la rob\u00f2tica en els seus entorns d\u2019aula, per\u00f2 tamb\u00e9 est\u00e0 oberta a [&hellip;]<\/p>\n","protected":false},"author":1,"featured_media":8653,"comment_status":"closed","ping_status":"closed","sticky":false,"template":"","format":"standard","meta":{"site-sidebar-layout":"default","site-content-layout":"","ast-site-content-layout":"","site-content-style":"default","site-sidebar-style":"default","ast-global-header-display":"","ast-banner-title-visibility":"","ast-main-header-display":"","ast-hfb-above-header-display":"","ast-hfb-below-header-display":"","ast-hfb-mobile-header-display":"","site-post-title":"","ast-breadcrumbs-content":"","ast-featured-img":"","footer-sml-layout":"","theme-transparent-header-meta":"","adv-header-id-meta":"","stick-header-meta":"","header-above-stick-meta":"","header-main-stick-meta":"","header-below-stick-meta":"","astra-migrate-meta-layouts":"default","ast-page-background-enabled":"default","ast-page-background-meta":{"desktop":{"background-color":"","background-image":"","background-repeat":"repeat","background-position":"center center","background-size":"auto","background-attachment":"scroll","background-type":"","background-media":"","overlay-type":"","overlay-color":"","overlay-opacity":"","overlay-gradient":""},"tablet":{"background-color":"","background-image":"","background-repeat":"repeat","background-position":"center center","background-size":"auto","background-attachment":"scroll","background-type":"","background-media":"","overlay-type":"","overlay-color":"","overlay-opacity":"","overlay-gradient":""},"mobile":{"background-color":"","background-image":"","background-repeat":"repeat","background-position":"center center","background-size":"auto","background-attachment":"scroll","background-type":"","background-media":"","overlay-type":"","overlay-color":"","overlay-opacity":"","overlay-gradient":""}},"ast-content-background-meta":{"desktop":{"background-color":"var(--ast-global-color-5)","background-image":"","background-repeat":"repeat","background-position":"center center","background-size":"auto","background-attachment":"scroll","background-type":"","background-media":"","overlay-type":"","overlay-color":"","overlay-opacity":"","overlay-gradient":""},"tablet":{"background-color":"var(--ast-global-color-5)","background-image":"","background-repeat":"repeat","background-position":"center center","background-size":"auto","background-attachment":"scroll","background-type":"","background-media":"","overlay-type":"","overlay-color":"","overlay-opacity":"","overlay-gradient":""},"mobile":{"background-color":"var(--ast-global-color-5)","background-image":"","background-repeat":"repeat","background-position":"center center","background-size":"auto","background-attachment":"scroll","background-type":"","background-media":"","overlay-type":"","overlay-color":"","overlay-opacity":"","overlay-gradient":""}},"footnotes":""},"categories":[64,66,154,1,29],"tags":[289,293,301,288,287,339],"class_list":["post-8649","post","type-post","status-publish","format-standard","has-post-thumbnail","hentry","category-comunitat","category-dinamitzacio","category-formacio","category-general","category-portada","tag-formacio","tag-innovacio","tag-jornada","tag-pensament-computacional","tag-robotica","tag-sessio4_1920"],"_links":{"self":[{"href":"https:\/\/projectes.xtec.cat\/xtcd\/wp-json\/wp\/v2\/posts\/8649","targetHints":{"allow":["GET"]}}],"collection":[{"href":"https:\/\/projectes.xtec.cat\/xtcd\/wp-json\/wp\/v2\/posts"}],"about":[{"href":"https:\/\/projectes.xtec.cat\/xtcd\/wp-json\/wp\/v2\/types\/post"}],"author":[{"embeddable":true,"href":"https:\/\/projectes.xtec.cat\/xtcd\/wp-json\/wp\/v2\/users\/1"}],"replies":[{"embeddable":true,"href":"https:\/\/projectes.xtec.cat\/xtcd\/wp-json\/wp\/v2\/comments?post=8649"}],"version-history":[{"count":3,"href":"https:\/\/projectes.xtec.cat\/xtcd\/wp-json\/wp\/v2\/posts\/8649\/revisions"}],"predecessor-version":[{"id":8654,"href":"https:\/\/projectes.xtec.cat\/xtcd\/wp-json\/wp\/v2\/posts\/8649\/revisions\/8654"}],"wp:featuredmedia":[{"embeddable":true,"href":"https:\/\/projectes.xtec.cat\/xtcd\/wp-json\/wp\/v2\/media\/8653"}],"wp:attachment":[{"href":"https:\/\/projectes.xtec.cat\/xtcd\/wp-json\/wp\/v2\/media?parent=8649"}],"wp:term":[{"taxonomy":"category","embeddable":true,"href":"https:\/\/projectes.xtec.cat\/xtcd\/wp-json\/wp\/v2\/categories?post=8649"},{"taxonomy":"post_tag","embeddable":true,"href":"https:\/\/projectes.xtec.cat\/xtcd\/wp-json\/wp\/v2\/tags?post=8649"}],"curies":[{"name":"wp","href":"https:\/\/api.w.org\/{rel}","templated":true}]}}