{"id":8689,"date":"2020-08-27T19:50:16","date_gmt":"2020-08-27T17:50:16","guid":{"rendered":"https:\/\/projectes.xtec.cat\/xtcd\/?p=8689"},"modified":"2024-01-14T16:23:49","modified_gmt":"2024-01-14T15:23:49","slug":"informacio-2020-2021","status":"publish","type":"post","link":"https:\/\/projectes.xtec.cat\/xtcd\/portada\/informacio-2020-2021\/","title":{"rendered":"Informaci\u00f3 2020-2021"},"content":{"rendered":"<div>\n<p>La Xarxa Territorial de Cultura Digital &#8211; #XTCD &#8211; \u00e9s el punt de trobada de les accions per a la transformaci\u00f3 digital dels centres educatius de Catalunya, treballant en xarxa per a construir coneixement i millorar la compet\u00e8ncia digital d\u2019alumnat, docents i centres . Una proposta oberta per a tot el professorat per facilitar suport i recursos als centres. Compta amb espais digitals per afavorir la reflexi\u00f3 i compartir coneixement.<\/p>\n<p>Aquest curs la <strong>participaci\u00f3 a la XTCD \u00e9s oberta a tot el professorat<\/strong> interessat a compartir experi\u00e8ncies en cultura digital a l&#8217;aula.<\/p>\n<\/div>\n<div>\n<h6><strong>Estructura general i temes<\/strong><\/h6>\n<p>Els Seminaris de la Xarxa Territorial de Cultura Digital s\u2019estructuren en 5 sessions, segons s\u2019indica a la imatge seg\u00fcent:<\/p>\n<p><a href=\"https:\/\/projectes.xtec.cat\/xtcd\/wp-content\/uploads\/usu1403\/2020\/08\/Captura-de-pantalla-2020-08-27-a-las-12.36.13.png\"><img loading=\"lazy\" decoding=\"async\" class=\"wp-image-8690 size-full aligncenter\" src=\"https:\/\/projectes.xtec.cat\/xtcd\/wp-content\/uploads\/usu1403\/2020\/08\/Captura-de-pantalla-2020-08-27-a-las-12.36.13.png\" alt=\"\" width=\"792\" height=\"396\" srcset=\"https:\/\/projectes.xtec.cat\/xtcd\/wp-content\/uploads\/usu1403\/2020\/08\/Captura-de-pantalla-2020-08-27-a-las-12.36.13.png 792w, https:\/\/projectes.xtec.cat\/xtcd\/wp-content\/uploads\/usu1403\/2020\/08\/Captura-de-pantalla-2020-08-27-a-las-12.36.13-300x150.png 300w, https:\/\/projectes.xtec.cat\/xtcd\/wp-content\/uploads\/usu1403\/2020\/08\/Captura-de-pantalla-2020-08-27-a-las-12.36.13-768x384.png 768w\" sizes=\"auto, (max-width: 792px) 100vw, 792px\" \/><\/a><\/p>\n<\/div>\n<div>\n<p>&nbsp;<\/p>\n<h6><b>Estructura d\u2019una sessi\u00f3<\/b><\/h6>\n<p><span style=\"font-weight: 400;\">Cadascuna de les 5 sessions s\u2019estructura tal com es mostra a la imatge:<\/span><\/p>\n<p><a href=\"https:\/\/projectes.xtec.cat\/xtcd\/wp-content\/uploads\/usu1403\/2020\/08\/Captura-de-pantalla-2020-08-27-a-las-12.36.45.png\"><img loading=\"lazy\" decoding=\"async\" class=\"size-full wp-image-8691 aligncenter\" src=\"https:\/\/projectes.xtec.cat\/xtcd\/wp-content\/uploads\/usu1403\/2020\/08\/Captura-de-pantalla-2020-08-27-a-las-12.36.45.png\" alt=\"\" width=\"788\" height=\"434\" srcset=\"https:\/\/projectes.xtec.cat\/xtcd\/wp-content\/uploads\/usu1403\/2020\/08\/Captura-de-pantalla-2020-08-27-a-las-12.36.45.png 788w, https:\/\/projectes.xtec.cat\/xtcd\/wp-content\/uploads\/usu1403\/2020\/08\/Captura-de-pantalla-2020-08-27-a-las-12.36.45-300x165.png 300w, https:\/\/projectes.xtec.cat\/xtcd\/wp-content\/uploads\/usu1403\/2020\/08\/Captura-de-pantalla-2020-08-27-a-las-12.36.45-768x423.png 768w\" sizes=\"auto, (max-width: 788px) 100vw, 788px\" \/><\/a><\/p>\n<\/div>\n<div><\/div>\n<div><\/div>\n<div>\n<p>&nbsp;<\/p>\n<h6><b>Calendari<\/b><\/h6>\n<p><span style=\"font-weight: 400;\">A t\u00edtol orientatiu,\u00a0 les dates de les sessions s\u00f3n:<\/span><\/p>\n<ul>\n<li style=\"font-weight: 400;\"><span style=\"font-weight: 400;\">Sessi\u00f3 1 &#8211; Darrera setmana d\u2019octubre, <\/span><b>26 d\u2019octubre de 2020<\/b><\/li>\n<li style=\"font-weight: 400;\"><span style=\"font-weight: 400;\">Sessi\u00f3 2 &#8211;<\/span> <span style=\"font-weight: 400;\">Primera quinzena de desembre, <\/span><b>14 de desembre de 2020<\/b><\/li>\n<li style=\"font-weight: 400;\"><span style=\"font-weight: 400;\">Sessi\u00f3 3 &#8211; Darrera setmana de gener, <\/span><b>25 de gener de 2021<\/b><\/li>\n<li style=\"font-weight: 400;\"><span style=\"font-weight: 400;\">Sessi\u00f3 4 &#8211; Segona setmana de mar\u00e7, <\/span><b>8 de mar\u00e7 de 2021<\/b><\/li>\n<li style=\"font-weight: 400;\">Sessi\u00f3 5<span style=\"font-weight: 400;\"> &#8211; <\/span><span style=\"font-weight: 400;\">Primera quinzena <\/span><span style=\"font-weight: 400;\">de maig o posterior, <\/span><b style=\"font-family: inherit; font-size: 1em;\">10 de maig de 2021<\/b><\/li>\n<\/ul>\n<\/div>\n","protected":false},"excerpt":{"rendered":"<p>La Xarxa Territorial de Cultura Digital &#8211; #XTCD &#8211; \u00e9s el punt de trobada de les accions per a la transformaci\u00f3 digital dels centres educatius de Catalunya, treballant en xarxa per a construir coneixement i millorar la compet\u00e8ncia digital d\u2019alumnat, docents i centres . Una proposta oberta per a tot el professorat per facilitar suport [&hellip;]<\/p>\n","protected":false},"author":1,"featured_media":8691,"comment_status":"closed","ping_status":"closed","sticky":false,"template":"","format":"standard","meta":{"site-sidebar-layout":"default","site-content-layout":"","ast-site-content-layout":"","site-content-style":"default","site-sidebar-style":"default","ast-global-header-display":"","ast-banner-title-visibility":"","ast-main-header-display":"","ast-hfb-above-header-display":"","ast-hfb-below-header-display":"","ast-hfb-mobile-header-display":"","site-post-title":"","ast-breadcrumbs-content":"","ast-featured-img":"","footer-sml-layout":"","theme-transparent-header-meta":"","adv-header-id-meta":"","stick-header-meta":"","header-above-stick-meta":"","header-main-stick-meta":"","header-below-stick-meta":"","astra-migrate-meta-layouts":"default","ast-page-background-enabled":"default","ast-page-background-meta":{"desktop":{"background-color":"","background-image":"","background-repeat":"repeat","background-position":"center center","background-size":"auto","background-attachment":"scroll","background-type":"","background-media":"","overlay-type":"","overlay-color":"","overlay-opacity":"","overlay-gradient":""},"tablet":{"background-color":"","background-image":"","background-repeat":"repeat","background-position":"center center","background-size":"auto","background-attachment":"scroll","background-type":"","background-media":"","overlay-type":"","overlay-color":"","overlay-opacity":"","overlay-gradient":""},"mobile":{"background-color":"","background-image":"","background-repeat":"repeat","background-position":"center center","background-size":"auto","background-attachment":"scroll","background-type":"","background-media":"","overlay-type":"","overlay-color":"","overlay-opacity":"","overlay-gradient":""}},"ast-content-background-meta":{"desktop":{"background-color":"var(--ast-global-color-5)","background-image":"","background-repeat":"repeat","background-position":"center center","background-size":"auto","background-attachment":"scroll","background-type":"","background-media":"","overlay-type":"","overlay-color":"","overlay-opacity":"","overlay-gradient":""},"tablet":{"background-color":"var(--ast-global-color-5)","background-image":"","background-repeat":"repeat","background-position":"center center","background-size":"auto","background-attachment":"scroll","background-type":"","background-media":"","overlay-type":"","overlay-color":"","overlay-opacity":"","overlay-gradient":""},"mobile":{"background-color":"var(--ast-global-color-5)","background-image":"","background-repeat":"repeat","background-position":"center center","background-size":"auto","background-attachment":"scroll","background-type":"","background-media":"","overlay-type":"","overlay-color":"","overlay-opacity":"","overlay-gradient":""}},"footnotes":""},"categories":[29],"tags":[289],"class_list":["post-8689","post","type-post","status-publish","format-standard","has-post-thumbnail","hentry","category-portada","tag-formacio"],"_links":{"self":[{"href":"https:\/\/projectes.xtec.cat\/xtcd\/wp-json\/wp\/v2\/posts\/8689","targetHints":{"allow":["GET"]}}],"collection":[{"href":"https:\/\/projectes.xtec.cat\/xtcd\/wp-json\/wp\/v2\/posts"}],"about":[{"href":"https:\/\/projectes.xtec.cat\/xtcd\/wp-json\/wp\/v2\/types\/post"}],"author":[{"embeddable":true,"href":"https:\/\/projectes.xtec.cat\/xtcd\/wp-json\/wp\/v2\/users\/1"}],"replies":[{"embeddable":true,"href":"https:\/\/projectes.xtec.cat\/xtcd\/wp-json\/wp\/v2\/comments?post=8689"}],"version-history":[{"count":4,"href":"https:\/\/projectes.xtec.cat\/xtcd\/wp-json\/wp\/v2\/posts\/8689\/revisions"}],"predecessor-version":[{"id":8705,"href":"https:\/\/projectes.xtec.cat\/xtcd\/wp-json\/wp\/v2\/posts\/8689\/revisions\/8705"}],"wp:featuredmedia":[{"embeddable":true,"href":"https:\/\/projectes.xtec.cat\/xtcd\/wp-json\/wp\/v2\/media\/8691"}],"wp:attachment":[{"href":"https:\/\/projectes.xtec.cat\/xtcd\/wp-json\/wp\/v2\/media?parent=8689"}],"wp:term":[{"taxonomy":"category","embeddable":true,"href":"https:\/\/projectes.xtec.cat\/xtcd\/wp-json\/wp\/v2\/categories?post=8689"},{"taxonomy":"post_tag","embeddable":true,"href":"https:\/\/projectes.xtec.cat\/xtcd\/wp-json\/wp\/v2\/tags?post=8689"}],"curies":[{"name":"wp","href":"https:\/\/api.w.org\/{rel}","templated":true}]}}