{"id":8759,"date":"2020-10-26T18:04:05","date_gmt":"2020-10-26T17:04:05","guid":{"rendered":"https:\/\/projectes.xtec.cat\/xtcd\/?p=8759"},"modified":"2024-01-14T16:23:49","modified_gmt":"2024-01-14T15:23:49","slug":"primera-sessio-dels-seminaris-de-lxtcd","status":"publish","type":"post","link":"https:\/\/projectes.xtec.cat\/xtcd\/portada\/primera-sessio-dels-seminaris-de-lxtcd\/","title":{"rendered":"Primera sessi\u00f3 dels seminaris de la XTCD 2020-2021"},"content":{"rendered":"<p><a href=\"https:\/\/projectes.xtec.cat\/xtcd\/wp-content\/uploads\/usu1403\/2020\/10\/alumnes3.png\"><img loading=\"lazy\" decoding=\"async\" class=\"alignleft size-thumbnail wp-image-8729\" src=\"https:\/\/projectes.xtec.cat\/xtcd\/wp-content\/uploads\/usu1403\/2020\/10\/alumnes3-150x150.png\" alt=\"\" width=\"150\" height=\"150\" srcset=\"https:\/\/projectes.xtec.cat\/xtcd\/wp-content\/uploads\/usu1403\/2020\/10\/alumnes3-150x150.png 150w, https:\/\/projectes.xtec.cat\/xtcd\/wp-content\/uploads\/usu1403\/2020\/10\/alumnes3-300x300.png 300w, https:\/\/projectes.xtec.cat\/xtcd\/wp-content\/uploads\/usu1403\/2020\/10\/alumnes3.png 370w\" sizes=\"auto, (max-width: 150px) 100vw, 150px\" \/><\/a><\/p>\n<p>El 26 d&#8217;octubre de 2020 ha arrencat la Xarxa Territorial de Cultura Digital amb el nou format i oberta a tot el professorat dels centres educatius de Catalunya.<\/p>\n<p>Disposeu de tota la informaci\u00f3 a la <a href=\"https:\/\/projectes.xtec.cat\/xtcd\/sessio-1-2020-21\/\" target=\"_blank\" rel=\"noopener noreferrer\">p\u00e0gina espec\u00edfica de la sessi\u00f3<\/a>.<\/p>\n<p>Gr\u00e0cies per la vostra col\u00b7laboraci\u00f3!<\/p>\n<p>&nbsp;<\/p>\n<div id=\"simple-translate\">\n<div>\n<div class=\"simple-translate-button isShow\" style=\"background-image: url('moz-extension:\/\/24b203eb-4a8e-4933-a206-19685b031a71\/icons\/512.png'); height: 22px; width: 22px; top: 66px; left: 329px;\"><\/div>\n<div class=\"simple-translate-panel \" style=\"width: 300px; height: 200px; top: 0px; left: 0px; font-size: 13px; background-color: #ffffff;\">\n<div class=\"simple-translate-result-wrapper\" style=\"overflow: hidden;\">\n<div class=\"simple-translate-move\" draggable=\"true\"><\/div>\n<div class=\"simple-translate-result-contents\">\n<p class=\"simple-translate-result\" dir=\"auto\" style=\"color: #000000;\">\n<p class=\"simple-translate-candidate\" dir=\"auto\" style=\"color: #737373;\">\n<\/div>\n<\/div>\n<\/div>\n<\/div>\n<\/div>\n","protected":false},"excerpt":{"rendered":"<p>El 26 d&#8217;octubre de 2020 ha arrencat la Xarxa Territorial de Cultura Digital amb el nou format i oberta a tot el professorat dels centres educatius de Catalunya. Disposeu de tota la informaci\u00f3 a la p\u00e0gina espec\u00edfica de la sessi\u00f3. Gr\u00e0cies per la vostra col\u00b7laboraci\u00f3! &nbsp;<\/p>\n","protected":false},"author":1,"featured_media":8729,"comment_status":"closed","ping_status":"closed","sticky":false,"template":"","format":"standard","meta":{"site-sidebar-layout":"default","site-content-layout":"","ast-site-content-layout":"","site-content-style":"default","site-sidebar-style":"default","ast-global-header-display":"","ast-banner-title-visibility":"","ast-main-header-display":"","ast-hfb-above-header-display":"","ast-hfb-below-header-display":"","ast-hfb-mobile-header-display":"","site-post-title":"","ast-breadcrumbs-content":"","ast-featured-img":"","footer-sml-layout":"","theme-transparent-header-meta":"","adv-header-id-meta":"","stick-header-meta":"","header-above-stick-meta":"","header-main-stick-meta":"","header-below-stick-meta":"","astra-migrate-meta-layouts":"default","ast-page-background-enabled":"default","ast-page-background-meta":{"desktop":{"background-color":"","background-image":"","background-repeat":"repeat","background-position":"center center","background-size":"auto","background-attachment":"scroll","background-type":"","background-media":"","overlay-type":"","overlay-color":"","overlay-opacity":"","overlay-gradient":""},"tablet":{"background-color":"","background-image":"","background-repeat":"repeat","background-position":"center center","background-size":"auto","background-attachment":"scroll","background-type":"","background-media":"","overlay-type":"","overlay-color":"","overlay-opacity":"","overlay-gradient":""},"mobile":{"background-color":"","background-image":"","background-repeat":"repeat","background-position":"center center","background-size":"auto","background-attachment":"scroll","background-type":"","background-media":"","overlay-type":"","overlay-color":"","overlay-opacity":"","overlay-gradient":""}},"ast-content-background-meta":{"desktop":{"background-color":"var(--ast-global-color-5)","background-image":"","background-repeat":"repeat","background-position":"center center","background-size":"auto","background-attachment":"scroll","background-type":"","background-media":"","overlay-type":"","overlay-color":"","overlay-opacity":"","overlay-gradient":""},"tablet":{"background-color":"var(--ast-global-color-5)","background-image":"","background-repeat":"repeat","background-position":"center center","background-size":"auto","background-attachment":"scroll","background-type":"","background-media":"","overlay-type":"","overlay-color":"","overlay-opacity":"","overlay-gradient":""},"mobile":{"background-color":"var(--ast-global-color-5)","background-image":"","background-repeat":"repeat","background-position":"center center","background-size":"auto","background-attachment":"scroll","background-type":"","background-media":"","overlay-type":"","overlay-color":"","overlay-opacity":"","overlay-gradient":""}},"footnotes":""},"categories":[66,154,29,304],"tags":[289,340],"class_list":["post-8759","post","type-post","status-publish","format-standard","has-post-thumbnail","hentry","category-dinamitzacio","category-formacio","category-portada","category-webinars","tag-formacio","tag-sessio1_2021"],"_links":{"self":[{"href":"https:\/\/projectes.xtec.cat\/xtcd\/wp-json\/wp\/v2\/posts\/8759","targetHints":{"allow":["GET"]}}],"collection":[{"href":"https:\/\/projectes.xtec.cat\/xtcd\/wp-json\/wp\/v2\/posts"}],"about":[{"href":"https:\/\/projectes.xtec.cat\/xtcd\/wp-json\/wp\/v2\/types\/post"}],"author":[{"embeddable":true,"href":"https:\/\/projectes.xtec.cat\/xtcd\/wp-json\/wp\/v2\/users\/1"}],"replies":[{"embeddable":true,"href":"https:\/\/projectes.xtec.cat\/xtcd\/wp-json\/wp\/v2\/comments?post=8759"}],"version-history":[{"count":3,"href":"https:\/\/projectes.xtec.cat\/xtcd\/wp-json\/wp\/v2\/posts\/8759\/revisions"}],"predecessor-version":[{"id":8903,"href":"https:\/\/projectes.xtec.cat\/xtcd\/wp-json\/wp\/v2\/posts\/8759\/revisions\/8903"}],"wp:featuredmedia":[{"embeddable":true,"href":"https:\/\/projectes.xtec.cat\/xtcd\/wp-json\/wp\/v2\/media\/8729"}],"wp:attachment":[{"href":"https:\/\/projectes.xtec.cat\/xtcd\/wp-json\/wp\/v2\/media?parent=8759"}],"wp:term":[{"taxonomy":"category","embeddable":true,"href":"https:\/\/projectes.xtec.cat\/xtcd\/wp-json\/wp\/v2\/categories?post=8759"},{"taxonomy":"post_tag","embeddable":true,"href":"https:\/\/projectes.xtec.cat\/xtcd\/wp-json\/wp\/v2\/tags?post=8759"}],"curies":[{"name":"wp","href":"https:\/\/api.w.org\/{rel}","templated":true}]}}