{"id":10666,"date":"2018-09-12T12:00:09","date_gmt":"2018-09-12T10:00:09","guid":{"rendered":"http:\/\/projectes.xtec.cat\/zenit\/?p=10666"},"modified":"2018-09-12T12:25:48","modified_gmt":"2018-09-12T10:25:48","slug":"ii-jornada-stem-a-lespai","status":"publish","type":"post","link":"https:\/\/projectes.xtec.cat\/zenit\/general\/ii-jornada-stem-a-lespai\/","title":{"rendered":"II Jornada STEM a l\u2019espai"},"content":{"rendered":"<p><a href=\"http:\/\/blocs.xtec.cat\/stemalespai\/\"><img loading=\"lazy\" decoding=\"async\" class=\"alignnone wp-image-9485 size-full\" src=\"http:\/\/projectes.xtec.cat\/zenit\/wp-content\/uploads\/usu1639\/2018\/09\/stem-espai-2018.jpg\" alt=\"\" width=\"1000\" height=\"287\" \/><\/a><\/p>\n<p>&nbsp;<\/p>\n<p>El dia <strong>29 de setembre de 2018<\/strong>, a l\u2019<a href=\"http:\/\/eetac.upc.edu\/ca\" target=\"_blank\" rel=\"noopener noreferrer\">Escola d\u2019Enginyeria de Telecomunicaci\u00f3 i Aeroespacial de Castelldefels<\/a>, es celebrar\u00e0 la <strong><a href=\"http:\/\/blocs.xtec.cat\/stemalespai\/\" target=\"_blank\" rel=\"noopener\">II Jornada STEM a l\u2019Espai<\/a><\/strong> dedicada a l\u2019intercanvi d\u2019experi\u00e8ncies did\u00e0ctiques relacionades amb l\u2019univers i l\u2019espai i especialment adre\u00e7ada als mestres de\u00a0prim\u00e0ria i al professorat de secund\u00e0ria, per\u00f2 tamb\u00e9 est\u00e0 oberta a altres professionals interessats en la tem\u00e0tica.<\/p>\n<p>Podeu consultat el programa de la jornada i fer la inscripci\u00f3 al <a href=\"http:\/\/blocs.xtec.cat\/stemalespai\/\" target=\"_blank\" rel=\"noopener\">blog de l&#8217;STEM a l&#8217;Espai<\/a><\/p>\n","protected":false},"excerpt":{"rendered":"<p><a href=\"http:\/\/blocs.xtec.cat\/stemalespai\/\"><\/a><br \/>\n&nbsp;<br \/>\nEl dia 29 de setembre de 2018, a l\u2019<a href=\"http:\/\/eetac.upc.edu\/ca\" target=\"_blank\" rel=\"noopener noreferrer\">Escola d\u2019Enginyeria de Telecomunicaci\u00f3 i Aeroespacial de Castelldefels<\/a>, es celebrar\u00e0 la <a href=\"http:\/\/blocs.xtec.cat\/stemalespai\/\" target=\"_blank\" rel=\"noopener\">II Jornada STEM a l\u2019Espai<\/a> dedicada a l\u2019intercanvi d\u2019experi\u00e8ncies did\u00e0ctiques relacionades amb l\u2019univers i l\u2019espai i especialment adre\u00e7ada&hellip;  <a href=\"https:\/\/projectes.xtec.cat\/zenit\/general\/ii-jornada-stem-a-lespai\/\" title=\"Read II Jornada STEM a l\u2019espai\">Llegeix m\u00e9s\u00bb<\/a><\/p>\n","protected":false},"author":4,"featured_media":10671,"comment_status":"open","ping_status":"closed","sticky":false,"template":"","format":"standard","meta":{"_bbp_topic_count":0,"_bbp_reply_count":0,"_bbp_total_topic_count":0,"_bbp_total_reply_count":0,"_bbp_voice_count":0,"_bbp_anonymous_reply_count":0,"_bbp_topic_count_hidden":0,"_bbp_reply_count_hidden":0,"_bbp_forum_subforum_count":0,"footnotes":""},"categories":[1,299],"tags":[300,301],"class_list":["post-10666","post","type-post","status-publish","format-standard","has-post-thumbnail","hentry","category-general","category-portada","tag-jornada","tag-stem"],"post_mailing_queue_ids":[],"_links":{"self":[{"href":"https:\/\/projectes.xtec.cat\/zenit\/wp-json\/wp\/v2\/posts\/10666","targetHints":{"allow":["GET"]}}],"collection":[{"href":"https:\/\/projectes.xtec.cat\/zenit\/wp-json\/wp\/v2\/posts"}],"about":[{"href":"https:\/\/projectes.xtec.cat\/zenit\/wp-json\/wp\/v2\/types\/post"}],"author":[{"embeddable":true,"href":"https:\/\/projectes.xtec.cat\/zenit\/wp-json\/wp\/v2\/users\/4"}],"replies":[{"embeddable":true,"href":"https:\/\/projectes.xtec.cat\/zenit\/wp-json\/wp\/v2\/comments?post=10666"}],"version-history":[{"count":4,"href":"https:\/\/projectes.xtec.cat\/zenit\/wp-json\/wp\/v2\/posts\/10666\/revisions"}],"predecessor-version":[{"id":10675,"href":"https:\/\/projectes.xtec.cat\/zenit\/wp-json\/wp\/v2\/posts\/10666\/revisions\/10675"}],"wp:featuredmedia":[{"embeddable":true,"href":"https:\/\/projectes.xtec.cat\/zenit\/wp-json\/wp\/v2\/media\/10671"}],"wp:attachment":[{"href":"https:\/\/projectes.xtec.cat\/zenit\/wp-json\/wp\/v2\/media?parent=10666"}],"wp:term":[{"taxonomy":"category","embeddable":true,"href":"https:\/\/projectes.xtec.cat\/zenit\/wp-json\/wp\/v2\/categories?post=10666"},{"taxonomy":"post_tag","embeddable":true,"href":"https:\/\/projectes.xtec.cat\/zenit\/wp-json\/wp\/v2\/tags?post=10666"}],"curies":[{"name":"wp","href":"https:\/\/api.w.org\/{rel}","templated":true}]}}