{"id":10950,"date":"2018-09-27T21:15:02","date_gmt":"2018-09-27T19:15:02","guid":{"rendered":"http:\/\/projectes.xtec.cat\/zenit\/?p=10950"},"modified":"2018-09-28T13:15:45","modified_gmt":"2018-09-28T11:15:45","slug":"00002-litoral-maresme","status":"publish","type":"post","link":"https:\/\/projectes.xtec.cat\/zenit\/general\/00002-litoral-maresme\/","title":{"rendered":"00002-litoral-maresme"},"content":{"rendered":"<div class=\"container\">\n<ul class=\"nav nav-tabs nav-pills\">\n<li class=\"nav-item\"><a class=\"nav-link active\" href=\"#consulta\" data-toggle=\"tab\">Presentaci\u00f3<\/a><\/li>\n<li class=\"nav-item\"><a class=\"nav-link\" href=\"#practica\" data-toggle=\"tab\">Practica<\/a><\/li>\n<li class=\"nav-item\"><a class=\"nav-link\" href=\"#recursos\" data-toggle=\"tab\">Recursos<\/a><\/li>\n<\/ul>\n<div class=\"tab-content\" style=\"margin-top: 20px;\">\n<div id=\"consulta\" class=\"tab-pane active\">\n<p>La costa catalana est\u00e0 en retroc\u00e9s en general i una de les zones on \u00e9s m\u00e9s greu i evident \u00e9s al Maresme. Els temporals i les llevantades obliguen cada any a reposar la sorra desapareguda. Molts factors intervenen en aquest canvi: la urbanitzaci\u00f3 intensa que arriba a tocar de mar, els canvis morfol\u00f2gics provocats per l&#8217;actuaci\u00f3 humana sobre les lleres de rius, l&#8217;erosi\u00f3 afavorida per la construcci\u00f3 de grans infraestructures com vies de tren i carreteres, . . . Darrerament tamb\u00e9 s&#8217;hi afegeix els efectes del canvi clim\u00e0tic.    <\/p>\n<p><a href=\"http:\/\/projectes.xtec.cat\/zenit\/wp-content\/uploads\/usu1639\/2018\/09\/malgrat.jpg\"><img loading=\"lazy\" decoding=\"async\" class=\"size-full wp-image-10815 aligncenter\" src=\"http:\/\/projectes.xtec.cat\/zenit\/wp-content\/uploads\/usu1639\/2018\/09\/malgrat.jpg\" alt=\"\" width=\"700\" height=\"244\" \/><\/a>\n <\/div>\n<div id=\"practica\" class=\"tab-pane fade\">\n<h2>Practica<\/h2>\n<p>Com \u00e9s el litoral del Maresme? Gr\u00e0cies a la fotografia a\u00e8ria podem veure la costa catalana tal com \u00e9s avui. L&#8217;eina interactiva <strong>L&#8217;ull del temps. Catalunya abans i ara <\/strong>de l&#8217;Institut Cartogr\u00e0fic i Geol\u00f2gic de Catalunya ens permet observar amb detall com \u00e9s el litoral actual i com era el mateix territori l&#8217;any 1945 o l&#8217;any 1956. <\/p>\n<p><iframe loading=\"lazy\" src=\"http:\/\/betaserver.icgc.cat\/ulldeltemps\/#12\/41.5728\/2.5392\" width=\"1000\" height=\"600\"><\/iframe><\/p>\n<p>L\u2019eina es basa en els vols fotogram\u00e8trics que va realitzar la For\u00e7a A\u00e8ria dels Estats Units d\u2019Am\u00e8rica els anys 1945 i 1956, cedides pel Ministeri de Defensa, mentre que la cartografia actual \u00e9s un producte de L\u2019Institut Cartogr\u00e0fic i Geol\u00f2gic de Catalunya.<br \/>\nPermet superposar fotografies dels anys 1945 i 1956 amb les actuals per comparar l&#8217;evoluci\u00f3 del paisatge a Catalunya. Ara, el departament ha complementat el servei amb fotografies hist\u00f2riques i demanen als ciutadans que ajudin a situar-les i a afegir-hi informaci\u00f3.\n<\/p><\/div>\n<div id=\"aplicacions\" class=\"tab-pane\">\n<h2>Aplicacions<\/h2>\n<\/div>\n<div id=\"recursos\" class=\"tab-pane\">\n<h2>Recursos<\/h2>\n<p><a href=\"http:\/\/www.icgc.cat\/ca\/Administracio-i-empresa\/Medi-natural\/Evolucio-de-la-costa\">Visor d&#8217;evoluci\u00f3 de la costa<\/a><\/p>\n<p><a href=\"https:\/\/www.ara.cat\/societat\/canvi-climatic-posa-supervivencia-platges_0_1988201293.html\">El canvi clim\u00e0tic posa en risc la superviv\u00e8ncia de les platges<\/a><\/p>\n<p><a href=\"https:\/\/amp.elperiodico.cat\/ca\/medi-ambient\/20151123\/canvi-climatic-amenaca-platges-catalunya-4694742\">El canvi clim\u00e0tic amena\u00e7a de devorar les platges de Catalunya<\/a><\/p>\n<p><a href=\"http:\/\/www.ccma.cat\/el-temps\/imatges-aeries-dabans-i-despres-del-temporal-de-gregal\/noticia\/2770836\/\">Imatges a\u00e8ries abans i despr\u00e9s del temporal de gregal<\/a><\/p>\n<p><a href=\"http:\/\/www.xtec.cat\/~avila126\/mar.html\">Webquest El Maresme<\/a><\/p>\n<p><a href=\"https:\/\/www.miteco.gob.es\/es\/costas\/temas\/proteccion-costa\/Estrategia%20de%20actuacion%20en%20el%20Maresme%20%28Final%29%20AVANCE%20%281%29-optimizado_tcm30-163212.pdf\">Informe T\u00e9cnico del Ministerio de Agricultura, Alimentaci\u00f3n y Medio Ambiente<\/a><\/p>\n<p><a href=\"https:\/\/www.raco.cat\/index.php\/TrobadaMaresme\/issue\/view\/25913\/showToc\">El desenvolupament urban\u00edstic dels pobles del Maresme<\/a><\/p>\n<\/div>\n<\/div>\n<\/div>\n","protected":false},"excerpt":{"rendered":"<ul class=\"nav nav-tabs nav-pills\">\n<li class=\"nav-item\"><a class=\"nav-link active\" href=\"#consulta\" data-toggle=\"tab\">Presentaci\u00f3<\/a><\/li>\n<li class=\"nav-item\"><a class=\"nav-link\" href=\"#practica\" data-toggle=\"tab\">Practica<\/a><\/li>\n<li class=\"nav-item\"><a class=\"nav-link\" href=\"#recursos\" data-toggle=\"tab\">Recursos<\/a><\/li>\n<\/ul>\n<p>La costa catalana est\u00e0 en retroc\u00e9s en general i una de les zones on \u00e9s m\u00e9s greu i evident \u00e9s al Maresme. Els temporals i les llevantades obliguen cada&hellip;  <a href=\"https:\/\/projectes.xtec.cat\/zenit\/general\/00002-litoral-maresme\/\" title=\"Read 00002-litoral-maresme\">Llegeix m\u00e9s\u00bb<\/a><\/p>\n","protected":false},"author":5,"featured_media":0,"comment_status":"open","ping_status":"closed","sticky":false,"template":"","format":"standard","meta":{"_bbp_topic_count":0,"_bbp_reply_count":0,"_bbp_total_topic_count":0,"_bbp_total_reply_count":0,"_bbp_voice_count":0,"_bbp_anonymous_reply_count":0,"_bbp_topic_count_hidden":0,"_bbp_reply_count_hidden":0,"_bbp_forum_subforum_count":0,"footnotes":""},"categories":[1],"tags":[],"class_list":["post-10950","post","type-post","status-publish","format-standard","hentry","category-general"],"post_mailing_queue_ids":[],"_links":{"self":[{"href":"https:\/\/projectes.xtec.cat\/zenit\/wp-json\/wp\/v2\/posts\/10950","targetHints":{"allow":["GET"]}}],"collection":[{"href":"https:\/\/projectes.xtec.cat\/zenit\/wp-json\/wp\/v2\/posts"}],"about":[{"href":"https:\/\/projectes.xtec.cat\/zenit\/wp-json\/wp\/v2\/types\/post"}],"author":[{"embeddable":true,"href":"https:\/\/projectes.xtec.cat\/zenit\/wp-json\/wp\/v2\/users\/5"}],"replies":[{"embeddable":true,"href":"https:\/\/projectes.xtec.cat\/zenit\/wp-json\/wp\/v2\/comments?post=10950"}],"version-history":[{"count":3,"href":"https:\/\/projectes.xtec.cat\/zenit\/wp-json\/wp\/v2\/posts\/10950\/revisions"}],"predecessor-version":[{"id":10991,"href":"https:\/\/projectes.xtec.cat\/zenit\/wp-json\/wp\/v2\/posts\/10950\/revisions\/10991"}],"wp:attachment":[{"href":"https:\/\/projectes.xtec.cat\/zenit\/wp-json\/wp\/v2\/media?parent=10950"}],"wp:term":[{"taxonomy":"category","embeddable":true,"href":"https:\/\/projectes.xtec.cat\/zenit\/wp-json\/wp\/v2\/categories?post=10950"},{"taxonomy":"post_tag","embeddable":true,"href":"https:\/\/projectes.xtec.cat\/zenit\/wp-json\/wp\/v2\/tags?post=10950"}],"curies":[{"name":"wp","href":"https:\/\/api.w.org\/{rel}","templated":true}]}}