{"id":8297,"date":"2016-09-27T13:56:43","date_gmt":"2016-09-27T11:56:43","guid":{"rendered":"http:\/\/agora.xtec.cat\/formacio\/zenit\/?p=8297"},"modified":"2018-06-13T11:25:31","modified_gmt":"2018-06-13T09:25:31","slug":"i-jornada-stem-a-lespai","status":"publish","type":"post","link":"https:\/\/projectes.xtec.cat\/zenit\/general\/i-jornada-stem-a-lespai\/","title":{"rendered":"I Jornada STEM a l\u2019espai"},"content":{"rendered":"<p><a href=\"http:\/\/projectes.xtec.cat\/zenit\/wp-content\/uploads\/usu1639\/2016\/09\/cropped-stem-v1-7.jpg\"><img loading=\"lazy\" decoding=\"async\" class=\"alignnone wp-image-9485 size-full\" src=\"http:\/\/projectes.xtec.cat\/zenit\/wp-content\/uploads\/usu1639\/2016\/09\/cropped-stem-v1-7.jpg\" alt=\"\" width=\"1000\" height=\"287\" srcset=\"https:\/\/projectes.xtec.cat\/zenit\/wp-content\/uploads\/usu1639\/2016\/09\/cropped-stem-v1-7.jpg 1000w, https:\/\/projectes.xtec.cat\/zenit\/wp-content\/uploads\/usu1639\/2016\/09\/cropped-stem-v1-7-300x86.jpg 300w, https:\/\/projectes.xtec.cat\/zenit\/wp-content\/uploads\/usu1639\/2016\/09\/cropped-stem-v1-7-768x220.jpg 768w\" sizes=\"auto, (max-width: 1000px) 100vw, 1000px\" \/><\/a><\/p>\n<p>El dia <strong>8 d\u2019octubre\u00a0de 2016<\/strong> se celebrar\u00e0 la primera edici\u00f3 de la <strong>Jornada STEM a l\u2019Espai<\/strong>, a l\u2019<a href=\"http:\/\/eetac.upc.edu\/ca\" target=\"_blank\" rel=\"noopener noreferrer\">Escola d\u2019Enginyeria de Telecomunicaci\u00f3 i Aeroespacial de Castelldefels,<\/a> dedicada a l\u2019intercanvi d\u2019experi\u00e8ncies did\u00e0ctiques relacionades amb l\u2019univers i l\u2019espai i especialment adre\u00e7ada als mestres de\u00a0prim\u00e0ria i al professorat de secund\u00e0ria, per\u00f2 tamb\u00e9 est\u00e0 oberta a altres professionals interessats en la tem\u00e0tica.<\/p>\n","protected":false},"excerpt":{"rendered":"<p><a href=\"http:\/\/projectes.xtec.cat\/zenit\/wp-content\/uploads\/usu1639\/2016\/09\/cropped-stem-v1-7.jpg\"><\/a><br \/>\nEl dia 8 d\u2019octubre\u00a0de 2016 se celebrar\u00e0 la primera edici\u00f3 de la Jornada STEM a l\u2019Espai, a l\u2019<a href=\"http:\/\/eetac.upc.edu\/ca\" target=\"_blank\" rel=\"noopener noreferrer\">Escola d\u2019Enginyeria de Telecomunicaci\u00f3 i Aeroespacial de Castelldefels,<\/a> dedicada a l\u2019intercanvi d\u2019experi\u00e8ncies did\u00e0ctiques relacionades amb l\u2019univers i l\u2019espai i especialment adre\u00e7ada als mestres&hellip;  <a href=\"https:\/\/projectes.xtec.cat\/zenit\/general\/i-jornada-stem-a-lespai\/\" title=\"Read I Jornada STEM a l\u2019espai\">Llegeix m\u00e9s\u00bb<\/a><\/p>\n","protected":false},"author":1,"featured_media":9499,"comment_status":"closed","ping_status":"closed","sticky":false,"template":"","format":"standard","meta":{"_bbp_topic_count":0,"_bbp_reply_count":0,"_bbp_total_topic_count":0,"_bbp_total_reply_count":0,"_bbp_voice_count":0,"_bbp_anonymous_reply_count":0,"_bbp_topic_count_hidden":0,"_bbp_reply_count_hidden":0,"_bbp_forum_subforum_count":0,"footnotes":""},"categories":[1,299],"tags":[300,301],"class_list":["post-8297","post","type-post","status-publish","format-standard","has-post-thumbnail","hentry","category-general","category-portada","tag-jornada","tag-stem"],"post_mailing_queue_ids":[],"_links":{"self":[{"href":"https:\/\/projectes.xtec.cat\/zenit\/wp-json\/wp\/v2\/posts\/8297","targetHints":{"allow":["GET"]}}],"collection":[{"href":"https:\/\/projectes.xtec.cat\/zenit\/wp-json\/wp\/v2\/posts"}],"about":[{"href":"https:\/\/projectes.xtec.cat\/zenit\/wp-json\/wp\/v2\/types\/post"}],"author":[{"embeddable":true,"href":"https:\/\/projectes.xtec.cat\/zenit\/wp-json\/wp\/v2\/users\/1"}],"replies":[{"embeddable":true,"href":"https:\/\/projectes.xtec.cat\/zenit\/wp-json\/wp\/v2\/comments?post=8297"}],"version-history":[{"count":4,"href":"https:\/\/projectes.xtec.cat\/zenit\/wp-json\/wp\/v2\/posts\/8297\/revisions"}],"predecessor-version":[{"id":9486,"href":"https:\/\/projectes.xtec.cat\/zenit\/wp-json\/wp\/v2\/posts\/8297\/revisions\/9486"}],"wp:featuredmedia":[{"embeddable":true,"href":"https:\/\/projectes.xtec.cat\/zenit\/wp-json\/wp\/v2\/media\/9499"}],"wp:attachment":[{"href":"https:\/\/projectes.xtec.cat\/zenit\/wp-json\/wp\/v2\/media?parent=8297"}],"wp:term":[{"taxonomy":"category","embeddable":true,"href":"https:\/\/projectes.xtec.cat\/zenit\/wp-json\/wp\/v2\/categories?post=8297"},{"taxonomy":"post_tag","embeddable":true,"href":"https:\/\/projectes.xtec.cat\/zenit\/wp-json\/wp\/v2\/tags?post=8297"}],"curies":[{"name":"wp","href":"https:\/\/api.w.org\/{rel}","templated":true}]}}