{"id":8774,"date":"2017-04-24T18:50:55","date_gmt":"2017-04-24T16:50:55","guid":{"rendered":"http:\/\/agora.xtec.cat\/formacio\/zenit\/?p=8774"},"modified":"2018-07-03T10:14:14","modified_gmt":"2018-07-03T08:14:14","slug":"p02_ud01-1-cartografia-geologica","status":"publish","type":"post","link":"https:\/\/projectes.xtec.cat\/zenit\/general\/p02_ud01-1-cartografia-geologica\/","title":{"rendered":"1.2. Cartografia geol\u00f2gica"},"content":{"rendered":"<p><a href=\"http:\/\/projectes.xtec.cat\/zenit\/wp-content\/uploads\/usu1639\/2017\/04\/Cartografia-geol\u00f2gica-i-geotem\u00e0tica-Institut-Cartogr\u00e0fic-i-Geol\u00f2gic-de-Catalunya.png\"><img loading=\"lazy\" decoding=\"async\" class=\"alignnone size-large wp-image-9646\" src=\"http:\/\/projectes.xtec.cat\/zenit\/wp-content\/uploads\/usu1639\/2017\/04\/Cartografia-geol\u00f2gica-i-geotem\u00e0tica-Institut-Cartogr\u00e0fic-i-Geol\u00f2gic-de-Catalunya-1024x741.png\" alt=\"\" width=\"1024\" height=\"741\" srcset=\"https:\/\/projectes.xtec.cat\/zenit\/wp-content\/uploads\/usu1639\/2017\/04\/Cartografia-geol\u00f2gica-i-geotem\u00e0tica-Institut-Cartogr\u00e0fic-i-Geol\u00f2gic-de-Catalunya-1024x741.png 1024w, https:\/\/projectes.xtec.cat\/zenit\/wp-content\/uploads\/usu1639\/2017\/04\/Cartografia-geol\u00f2gica-i-geotem\u00e0tica-Institut-Cartogr\u00e0fic-i-Geol\u00f2gic-de-Catalunya-300x217.png 300w, https:\/\/projectes.xtec.cat\/zenit\/wp-content\/uploads\/usu1639\/2017\/04\/Cartografia-geol\u00f2gica-i-geotem\u00e0tica-Institut-Cartogr\u00e0fic-i-Geol\u00f2gic-de-Catalunya-768x556.png 768w, https:\/\/projectes.xtec.cat\/zenit\/wp-content\/uploads\/usu1639\/2017\/04\/Cartografia-geol\u00f2gica-i-geotem\u00e0tica-Institut-Cartogr\u00e0fic-i-Geol\u00f2gic-de-Catalunya.png 1151w\" sizes=\"auto, (max-width: 1024px) 100vw, 1024px\" \/><\/a><\/p>\n","protected":false},"excerpt":{"rendered":"<p><a href=\"http:\/\/projectes.xtec.cat\/zenit\/wp-content\/uploads\/usu1639\/2017\/04\/Cartografia-geol\u00f2gica-i-geotem\u00e0tica-Institut-Cartogr\u00e0fic-i-Geol\u00f2gic-de-Catalunya.png\"><\/a><\/p>\n","protected":false},"author":3,"featured_media":0,"comment_status":"closed","ping_status":"closed","sticky":false,"template":"","format":"standard","meta":{"_bbp_topic_count":0,"_bbp_reply_count":0,"_bbp_total_topic_count":0,"_bbp_total_reply_count":0,"_bbp_voice_count":0,"_bbp_anonymous_reply_count":0,"_bbp_topic_count_hidden":0,"_bbp_reply_count_hidden":0,"_bbp_forum_subforum_count":0,"footnotes":""},"categories":[1,330],"tags":[306,319],"class_list":["post-8774","post","type-post","status-publish","format-standard","hentry","category-general","category-obsterra","tag-plafo","tag-ud_localitzacio"],"post_mailing_queue_ids":[],"_links":{"self":[{"href":"https:\/\/projectes.xtec.cat\/zenit\/wp-json\/wp\/v2\/posts\/8774","targetHints":{"allow":["GET"]}}],"collection":[{"href":"https:\/\/projectes.xtec.cat\/zenit\/wp-json\/wp\/v2\/posts"}],"about":[{"href":"https:\/\/projectes.xtec.cat\/zenit\/wp-json\/wp\/v2\/types\/post"}],"author":[{"embeddable":true,"href":"https:\/\/projectes.xtec.cat\/zenit\/wp-json\/wp\/v2\/users\/3"}],"replies":[{"embeddable":true,"href":"https:\/\/projectes.xtec.cat\/zenit\/wp-json\/wp\/v2\/comments?post=8774"}],"version-history":[{"count":4,"href":"https:\/\/projectes.xtec.cat\/zenit\/wp-json\/wp\/v2\/posts\/8774\/revisions"}],"predecessor-version":[{"id":10338,"href":"https:\/\/projectes.xtec.cat\/zenit\/wp-json\/wp\/v2\/posts\/8774\/revisions\/10338"}],"wp:attachment":[{"href":"https:\/\/projectes.xtec.cat\/zenit\/wp-json\/wp\/v2\/media?parent=8774"}],"wp:term":[{"taxonomy":"category","embeddable":true,"href":"https:\/\/projectes.xtec.cat\/zenit\/wp-json\/wp\/v2\/categories?post=8774"},{"taxonomy":"post_tag","embeddable":true,"href":"https:\/\/projectes.xtec.cat\/zenit\/wp-json\/wp\/v2\/tags?post=8774"}],"curies":[{"name":"wp","href":"https:\/\/api.w.org\/{rel}","templated":true}]}}